{"id":3503,"date":"2020-02-10T09:00:42","date_gmt":"2020-02-10T08:00:42","guid":{"rendered":"https:\/\/swissmig.wordpress.com\/?p=3503"},"modified":"2020-02-10T09:00:42","modified_gmt":"2020-02-10T08:00:42","slug":"la-politique-des-visas-en-suisse","status":"publish","type":"post","link":"https:\/\/swissmig.unine.ch\/?p=3503","title":{"rendered":"La politique des visas en Suisse"},"content":{"rendered":"<h3>Author(s) : Raoul Kaenzig<\/h3>\n<h3>Source : <a href=\"https:\/\/libra.unine.ch\/handle\/123456789\/15387\" target=\"_blank\" rel=\"noopener\">https:\/\/libra.unine.ch\/handle\/123456789\/15387<\/a><\/h3>\n<p><strong>Abstract: <\/strong><!--more--><\/p>\n<blockquote><p>&#8220;Un visa unique permet de voyager \u00e0 travers toute l\u2019Europe et depuis d\u00e9cembre 2008, la Suisse a rejoint cet espace de libre circulation des personnes. Cette communautarisation marque une transition importante pour la Suisse et constitue l\u2019occasion de s\u2019interroger sur les pratiques en mati\u00e8re de visas en fonction jusque-l\u00e0. Ce m\u00e9moire offre un \u00e9clairage innovant sur ce pan encore m\u00e9connu de la politique migratoire en Suisse. L\u2019objectif de ce travail est de parvenir \u00e0 comprendre comment les autorit\u00e9s helv\u00e9tiques faisaient usage du visa de court s\u00e9jour, commun\u00e9ment appel\u00e9 \u00ab visa touristique \u00bb (maximum 3 mois), pour r\u00e9guler la mobilit\u00e9 vers la Suisse. Cet instrument est utilis\u00e9 comme outil de politique migratoire dans un processus de s\u00e9lection en deux temps. La premi\u00e8re \u00e9tape consiste \u00e0 s\u00e9lectionner les ressortissants selon leur nationalit\u00e9. Ainsi, la Suisse, tout comme les autres \u00c9tats du monde, tient \u00e0 jour une liste qui mentionne les pays dont les ressortissants ont besoin, ou non, d\u2019un visa pour venir en Suisse. R\u00e9sultant d\u2019une collaboration entre un nombre restreints d\u2019acteurs au niveau f\u00e9d\u00e9ral, les choix des nationalit\u00e9s r\u00e9sultent de la pond\u00e9ration de crit\u00e8res de natures diverses. Ces crit\u00e8res, g\u00e9n\u00e9ralement domin\u00e9s par des pr\u00e9occupations d\u2019ordre s\u00e9curitaire, sont fortement marqu\u00e9s par l\u2019influence des politiques adopt\u00e9es par les \u00c9tats europ\u00e9ens. La deuxi\u00e8me \u00e9tape concerne la s\u00e9lection des ressortissants des \u00c9tats soumis \u00e0 l\u2019obligation du visa pour pouvoir se rendre en Suisse. La responsabilit\u00e9 de l\u2019examen des demandes individuelles de visa incombe principalement aux repr\u00e9sentations consulaires suisses \u00e0 l\u2019\u00e9tranger. Leur fonction est de s\u2019assurer que les personnes ayant fait une demande de visa ne pr\u00e9sentent aucun risque de s\u2019installer durablement en Suisse. Les crit\u00e8res servent \u00e9galement \u00e0 garantir que le visiteur n\u2019engendre aucun co\u00fbt pour les autorit\u00e9s helv\u00e9tiques. La probl\u00e9matique du visa permet donc de s\u2019interroger sur le r\u00f4le des \u00c9tats dans le contr\u00f4le des migrations dans un monde marqu\u00e9 par un tr\u00e8s haut degr\u00e9 de mobilit\u00e9 des personnes. Dans ce contexte, les pratiques suisses en mati\u00e8re de visas se sont souvent calqu\u00e9es sur la politique des \u00c9tats voisins membres de l\u2019UE, soulignant le r\u00f4le croissant des collaborations inter\u00e9tatiques en termes de politique migratoire.&#8221;<\/p><\/blockquote>\n","protected":false},"excerpt":{"rendered":"<p>Author(s) : Raoul Kaenzig Source : https:\/\/libra.unine.ch\/handle\/123456789\/15387 Abstract:<\/p>\n","protected":false},"author":4,"featured_media":0,"comment_status":"open","ping_status":"open","sticky":false,"template":"","format":"standard","meta":{"_kadence_starter_templates_imported_post":false,"_kad_post_transparent":"","_kad_post_title":"","_kad_post_layout":"","_kad_post_sidebar_id":"","_kad_post_content_style":"","_kad_post_vertical_padding":"","_kad_post_feature":"","_kad_post_feature_position":"","_kad_post_header":false,"_kad_post_footer":false,"_kad_post_classname":"","jetpack_post_was_ever_published":false,"_jetpack_newsletter_access":"","_jetpack_dont_email_post_to_subs":false,"_jetpack_newsletter_tier_id":0,"_jetpack_memberships_contains_paywalled_content":false,"_jetpack_memberships_contains_paid_content":false,"footnotes":""},"categories":[109],"tags":[414,106,92,27,52,301,319,36,110,166,211,510,621,525],"class_list":["post-3503","post","type-post","status-publish","format-standard","hentry","category-human-geography","tag-414","tag-border-controls","tag-country-of-origin","tag-european-union","tag-french-language","tag-globalization","tag-master-thesis","tag-migration-policy","tag-mobility","tag-residence-permits","tag-schengen-convention","tag-short-term-residence-permit","tag-street-level-bureaucracy","tag-third-countries"],"jetpack_featured_media_url":"","jetpack_sharing_enabled":true,"_links":{"self":[{"href":"https:\/\/swissmig.unine.ch\/index.php?rest_route=\/wp\/v2\/posts\/3503","targetHints":{"allow":["GET"]}}],"collection":[{"href":"https:\/\/swissmig.unine.ch\/index.php?rest_route=\/wp\/v2\/posts"}],"about":[{"href":"https:\/\/swissmig.unine.ch\/index.php?rest_route=\/wp\/v2\/types\/post"}],"author":[{"embeddable":true,"href":"https:\/\/swissmig.unine.ch\/index.php?rest_route=\/wp\/v2\/users\/4"}],"replies":[{"embeddable":true,"href":"https:\/\/swissmig.unine.ch\/index.php?rest_route=%2Fwp%2Fv2%2Fcomments&post=3503"}],"version-history":[{"count":0,"href":"https:\/\/swissmig.unine.ch\/index.php?rest_route=\/wp\/v2\/posts\/3503\/revisions"}],"wp:attachment":[{"href":"https:\/\/swissmig.unine.ch\/index.php?rest_route=%2Fwp%2Fv2%2Fmedia&parent=3503"}],"wp:term":[{"taxonomy":"category","embeddable":true,"href":"https:\/\/swissmig.unine.ch\/index.php?rest_route=%2Fwp%2Fv2%2Fcategories&post=3503"},{"taxonomy":"post_tag","embeddable":true,"href":"https:\/\/swissmig.unine.ch\/index.php?rest_route=%2Fwp%2Fv2%2Ftags&post=3503"}],"curies":[{"name":"wp","href":"https:\/\/api.w.org\/{rel}","templated":true}]}}