{"id":35028,"date":"2022-11-28T08:00:00","date_gmt":"2022-11-28T07:00:00","guid":{"rendered":"https:\/\/swissmig.wordpress.com\/?p=35028"},"modified":"2022-11-28T08:00:00","modified_gmt":"2022-11-28T07:00:00","slug":"le-secteur-refugies-du-csp-geneve-trajectoire-dune-politisation","status":"publish","type":"post","link":"https:\/\/swissmig.unine.ch\/?p=35028","title":{"rendered":"Le &#8216;Secteur r\u00e9fugi\u00e9s&#8217; du CSP Gen\u00e8ve : trajectoire d&#8217;une politisation"},"content":{"rendered":"<h3>Author(s) : Antoine Lehmann<\/h3>\n<h3>Source : <a href=\"https:\/\/serval.unil.ch\/fr\/notice\/serval:BIB_S_34495\" target=\"_blank\" rel=\"noopener\">https:\/\/serval.unil.ch\/fr\/notice\/serval:BIB_S_34495<\/a><\/h3>\n<p><strong>Abstract: <\/strong><!--more--><\/p>\n<blockquote><p>&#8220;<span dir=\"ltr\" role=\"presentation\">Apr\u00e8s av<\/span><span dir=\"ltr\" role=\"presentation\">oir r\u00e9alis\u00e9 un stage de 7 mois au sein du \u00ab<\/span> <span dir=\"ltr\" role=\"presentation\">Secteur r\u00e9fugi\u00e9s<\/span> <span dir=\"ltr\" role=\"presentation\">\u00bb du Centre <\/span><span dir=\"ltr\" role=\"presentation\">social protestant de Gen\u00e8ve<\/span> <span dir=\"ltr\" role=\"presentation\">au cours duquel j\u2019ai particip\u00e9 \u00e0 la r\u00e9daction d\u2019un <\/span><span dir=\"ltr\" role=\"presentation\">livre anniversaire<\/span> <span dir=\"ltr\" role=\"presentation\">intitul\u00e9<\/span> <span dir=\"ltr\" role=\"presentation\">: \u00ab<\/span> <span dir=\"ltr\" role=\"presentation\">Gen\u00e8ve<\/span> <span dir=\"ltr\" role=\"presentation\">: terre d\u2019asile<\/span> <span dir=\"ltr\" role=\"presentation\">?<\/span> <span dir=\"ltr\" role=\"presentation\">\u00bb (\u00e0 para\u00eetre)<\/span> <span dir=\"ltr\" role=\"presentation\">pour les 50 <\/span><span dir=\"ltr\" role=\"presentation\">ans<\/span> <span dir=\"ltr\" role=\"presentation\">du \u00ab<\/span> <span dir=\"ltr\" role=\"presentation\">Secteur r\u00e9f<\/span><span dir=\"ltr\" role=\"presentation\">ugi\u00e9s<\/span> <span dir=\"ltr\" role=\"presentation\">\u00bb<\/span><span dir=\"ltr\" role=\"presentation\">, j\u2019ai saisi l\u2019opportunit\u00e9 du travail de m\u00e9moire pour <\/span><span dir=\"ltr\" role=\"presentation\">exploiter le dense mat\u00e9riel empirique r\u00e9colt\u00e9<\/span> <span dir=\"ltr\" role=\"presentation\">pour l\u2019\u00e9criture du livre<\/span><span dir=\"ltr\" role=\"presentation\">.<\/span> <span dir=\"ltr\" role=\"presentation\">Ce<\/span> <span dir=\"ltr\" role=\"presentation\">travail <\/span><span dir=\"ltr\" role=\"presentation\">de<\/span> <span dir=\"ltr\" role=\"presentation\">m\u00e9moire<\/span> <span dir=\"ltr\" role=\"presentation\">sur le<\/span> <span dir=\"ltr\" role=\"presentation\">\u00ab<\/span> <span dir=\"ltr\" role=\"presentation\">Secteur r\u00e9fugi\u00e9s<\/span> <span dir=\"ltr\" role=\"presentation\">\u00bb<\/span> <span dir=\"ltr\" role=\"presentation\">du CSP<\/span> <span dir=\"ltr\" role=\"presentation\">de Gen\u00e8ve<\/span> <span dir=\"ltr\" role=\"presentation\">parcourt la trajectoire <\/span><span dir=\"ltr\" role=\"presentation\">de l\u2019organisation<\/span><span dir=\"ltr\" role=\"presentation\">, depuis sa cr\u00e9ation jusqu\u2019\u00e0 nos jours.<\/span> <span dir=\"ltr\" role=\"presentation\">Mes recherche<\/span><span dir=\"ltr\" role=\"presentation\">s<\/span> <span dir=\"ltr\" role=\"presentation\">rendent <\/span><span dir=\"ltr\" role=\"presentation\">compte d\u2019<\/span><span dir=\"ltr\" role=\"presentation\">un d\u00e9placeme<\/span><span dir=\"ltr\" role=\"presentation\">nt de ses champs d\u2019activit\u00e9s<\/span> <span dir=\"ltr\" role=\"presentation\">allant<\/span> <span dir=\"ltr\" role=\"presentation\">d\u2019un soutien caritatif <\/span><span dir=\"ltr\" role=\"presentation\">des r\u00e9fugi\u00e9s \u00e0 un soutien plus politique<\/span><span dir=\"ltr\" role=\"presentation\">,<\/span> <span dir=\"ltr\" role=\"presentation\">qui articule une dimension juridique et <\/span><span dir=\"ltr\" role=\"presentation\">sociale \u00e0 une dimension plus la<\/span><span dir=\"ltr\" role=\"presentation\">rgement collective<\/span> <span dir=\"ltr\" role=\"presentation\">de d\u00e9fense de l\u2019asile.<\/span> <span dir=\"ltr\" role=\"presentation\">Le fil <\/span><span dir=\"ltr\" role=\"presentation\">rouge de ce travail<\/span> <span dir=\"ltr\" role=\"presentation\">porte sur<\/span> <span dir=\"ltr\" role=\"presentation\">une r\u00e9flexion de<\/span> <span dir=\"ltr\" role=\"presentation\">l\u2019engagement<\/span> <span dir=\"ltr\" role=\"presentation\">du C<\/span><span dir=\"ltr\" role=\"presentation\">SP en faveur <\/span><span dir=\"ltr\" role=\"presentation\">des r\u00e9fugi\u00e9s \u00e0 travers plusieurs dispositifs<\/span> <span dir=\"ltr\" role=\"presentation\">de prise en charge<\/span> <span dir=\"ltr\" role=\"presentation\">juridique et <\/span><span dir=\"ltr\" role=\"presentation\">d\u2019intervention dans l\u2019espace public.<\/span> <span dir=\"ltr\" role=\"presentation\">M<\/span><span dir=\"ltr\" role=\"presentation\">on travail met en exergue le r\u00f4le centr<\/span><span dir=\"ltr\" role=\"presentation\">al <\/span><span dir=\"ltr\" role=\"presentation\">qu\u2019exerce le \u00ab<\/span> <span dir=\"ltr\" role=\"presentation\">Secteur r\u00e9fugi\u00e9s<\/span> <span dir=\"ltr\" role=\"presentation\">\u00bb<\/span> <span dir=\"ltr\" role=\"presentation\">au sein de l\u2019espace de d\u00e9fense de l\u2019asile par la <\/span><span dir=\"ltr\" role=\"presentation\">pluralit\u00e9 et la<\/span> <span dir=\"ltr\" role=\"presentation\">long\u00e9vit\u00e9<\/span> <span dir=\"ltr\" role=\"presentation\">de son engagement<\/span><span dir=\"ltr\" role=\"presentation\">. \u00c0 partir de consid\u00e9rations politiqu<\/span><span dir=\"ltr\" role=\"presentation\">es <\/span><span dir=\"ltr\" role=\"presentation\">favorables aux r\u00e9fugi\u00e9s, il multiplie ses engagements au sein d\u2019un large espace <\/span><span dir=\"ltr\" role=\"presentation\">associatif<\/span><span dir=\"ltr\" role=\"presentation\">.<\/span>&#8220;<\/p><\/blockquote>\n","protected":false},"excerpt":{"rendered":"<p>Author(s) : Antoine Lehmann Source : https:\/\/serval.unil.ch\/fr\/notice\/serval:BIB_S_34495 Abstract:<\/p>\n","protected":false},"author":4,"featured_media":0,"comment_status":"open","ping_status":"open","sticky":false,"template":"","format":"standard","meta":{"_kadence_starter_templates_imported_post":false,"_kad_post_transparent":"","_kad_post_title":"","_kad_post_layout":"","_kad_post_sidebar_id":"","_kad_post_content_style":"","_kad_post_vertical_padding":"","_kad_post_feature":"","_kad_post_feature_position":"","_kad_post_header":false,"_kad_post_footer":false,"_kad_post_classname":"","jetpack_post_was_ever_published":false,"_jetpack_newsletter_access":"","_jetpack_dont_email_post_to_subs":false,"_jetpack_newsletter_tier_id":0,"_jetpack_memberships_contains_paywalled_content":false,"_jetpack_memberships_contains_paid_content":false,"footnotes":""},"categories":[12],"tags":[722,119,49,50,52,341,87,303,319,206,124,90,103,91,340],"class_list":["post-35028","post","type-post","status-publish","format-standard","hentry","category-politics","tag-722","tag-associations","tag-asylum-policy","tag-asylum-seekers","tag-french-language","tag-geneva","tag-history","tag-legal-aspects","tag-master-thesis","tag-political-activities","tag-protest-movements","tag-reception-policy","tag-refugees","tag-social-integration","tag-social-support"],"jetpack_featured_media_url":"","jetpack_sharing_enabled":true,"_links":{"self":[{"href":"https:\/\/swissmig.unine.ch\/index.php?rest_route=\/wp\/v2\/posts\/35028","targetHints":{"allow":["GET"]}}],"collection":[{"href":"https:\/\/swissmig.unine.ch\/index.php?rest_route=\/wp\/v2\/posts"}],"about":[{"href":"https:\/\/swissmig.unine.ch\/index.php?rest_route=\/wp\/v2\/types\/post"}],"author":[{"embeddable":true,"href":"https:\/\/swissmig.unine.ch\/index.php?rest_route=\/wp\/v2\/users\/4"}],"replies":[{"embeddable":true,"href":"https:\/\/swissmig.unine.ch\/index.php?rest_route=%2Fwp%2Fv2%2Fcomments&post=35028"}],"version-history":[{"count":0,"href":"https:\/\/swissmig.unine.ch\/index.php?rest_route=\/wp\/v2\/posts\/35028\/revisions"}],"wp:attachment":[{"href":"https:\/\/swissmig.unine.ch\/index.php?rest_route=%2Fwp%2Fv2%2Fmedia&parent=35028"}],"wp:term":[{"taxonomy":"category","embeddable":true,"href":"https:\/\/swissmig.unine.ch\/index.php?rest_route=%2Fwp%2Fv2%2Fcategories&post=35028"},{"taxonomy":"post_tag","embeddable":true,"href":"https:\/\/swissmig.unine.ch\/index.php?rest_route=%2Fwp%2Fv2%2Ftags&post=35028"}],"curies":[{"name":"wp","href":"https:\/\/api.w.org\/{rel}","templated":true}]}}