{"id":35017,"date":"2022-11-21T08:00:00","date_gmt":"2022-11-21T07:00:00","guid":{"rendered":"https:\/\/swissmig.wordpress.com\/?p=35017"},"modified":"2022-11-21T08:00:00","modified_gmt":"2022-11-21T07:00:00","slug":"reconnaitre-et-encourager-le-potentiel-des-refugies-sur-le-marche-du-travail-suisse","status":"publish","type":"post","link":"https:\/\/swissmig.unine.ch\/?p=35017","title":{"rendered":"Reconnaitre et encourager le potentiel des r\u00e9fugi\u00e9s sur le march\u00e9 du travail suisse"},"content":{"rendered":"<h3>Author(s) : Myriam Schleiss, L\u00e9a Gross<\/h3>\n<h3>Source : <a href=\"http:\/\/babylonia.ch\/fileadmin\/user_upload\/documents\/2017-1\/Schleiss___Gross.pdf\" target=\"_blank\" rel=\"noopener\">http:\/\/babylonia.ch\/fileadmin\/user_upload\/documents\/2017-1\/Schleiss___Gross.pdf<\/a><\/h3>\n<p><strong>Abstract: <\/strong><!--more--><\/p>\n<blockquote><p>&#8220;En 2016, 13&#8217;354 personnes ont trouv\u00e9 un nouveau foyer en Suisse en tant que r\u00e9fugi\u00e9s reconnus ou personnes admises \u00e0 titre provisoire. Afin que ces personnes puissent s&#8217;int\u00e9grer le plus rapidement possible dans la soci\u00e9t\u00e9 suisse, la Conf\u00e9d\u00e9ration, les cantons et les communes misent sur des mesures cibl\u00e9es, notamment en mati\u00e8re de promotion linguistique et d&#8217;int\u00e9gration sur le march\u00e9 du travail. Par exemple, le syst\u00e8me innovant fide doit faciliter l&#8217;acquisition de la langue et permettre aux migrants de se faire comprendre le plus rapidement possible dans la vie quotidienne. Les modifications envisag\u00e9es de la loi sur les \u00e9trangers (LEtr) sont \u00e9galement d&#8217;une grande importance. Entre autres, la proc\u00e9dure d&#8217;autorisation pour la prise d&#8217;un travail pour les personnes admises \u00e0 titre provisoire doit \u00eatre remplac\u00e9e par une proc\u00e9dure d&#8217;annonce.&#8221;<\/p>\n<p>&#8220;<span dir=\"ltr\" role=\"presentation\">Im Jahr 2016 haben 13\u2019354 Personen als anerkannte Fl\u00fcchtlinge oder vorl\u00e4ufig auf<\/span><span dir=\"ltr\" role=\"presentation\">genommene Personen in der Schweiz ein neues Zuhause gefunden. <\/span><span dir=\"ltr\" role=\"presentation\">Damit diese sich m\u00f6glichst rasch in die Schweizer Gesellschaft integrieren k\u00f6nnen, <\/span><span dir=\"ltr\" role=\"presentation\">setzen Bund, Kantone und Gemeinde auf gezielte Massnahmen, insbesondere in der <\/span><span dir=\"ltr\" role=\"presentation\">Sprachf\u00f6rderung und der Arbeitsmarktintegration. Zum Beispiel soll das innova<\/span><span dir=\"ltr\" role=\"presentation\">tive fide-System den Spracherwerb erleichtern und Migranten erm\u00f6glichen, sich <\/span><span dir=\"ltr\" role=\"presentation\">m\u00f6glichst bald im Alltag zu verst\u00e4ndigen. Ebenfalls von grosser Wichtigkeit sind <\/span><span dir=\"ltr\" role=\"presentation\">angestrebte \u00c4nderungen im Ausl\u00e4ndergesetz (AuG). Unter anderem soll das Bewil<\/span><span dir=\"ltr\" role=\"presentation\">ligungsverfahren zur Aufnahme einer Arbeit f\u00fcr vorl\u00e4ufig aufgenommene Personen <\/span><span dir=\"ltr\" role=\"presentation\">durch ein Meldeverfahren ersetzt werden.&#8221;<\/span><\/p><\/blockquote>\n","protected":false},"excerpt":{"rendered":"<p>Author(s) : Myriam Schleiss, L\u00e9a Gross Source : http:\/\/babylonia.ch\/fileadmin\/user_upload\/documents\/2017-1\/Schleiss___Gross.pdf Abstract:<\/p>\n","protected":false},"author":4,"featured_media":0,"comment_status":"open","ping_status":"open","sticky":false,"template":"","format":"standard","meta":{"_kadence_starter_templates_imported_post":false,"_kad_post_transparent":"","_kad_post_title":"","_kad_post_layout":"","_kad_post_sidebar_id":"","_kad_post_content_style":"","_kad_post_vertical_padding":"","_kad_post_feature":"","_kad_post_feature_position":"","_kad_post_header":false,"_kad_post_footer":false,"_kad_post_classname":"","jetpack_post_was_ever_published":false,"_jetpack_newsletter_access":"","_jetpack_dont_email_post_to_subs":false,"_jetpack_newsletter_tier_id":0,"_jetpack_memberships_contains_paywalled_content":false,"_jetpack_memberships_contains_paid_content":false,"footnotes":""},"categories":[167],"tags":[722,362,7,65,161,162,603,372,91],"class_list":["post-35017","post","type-post","status-publish","format-standard","hentry","category-ethnicity-languages-religion-arts","tag-722","tag-access-to-employment","tag-article","tag-language","tag-language-education","tag-language-policy","tag-language-tests","tag-multilingualism","tag-social-integration"],"jetpack_featured_media_url":"","jetpack_sharing_enabled":true,"_links":{"self":[{"href":"https:\/\/swissmig.unine.ch\/index.php?rest_route=\/wp\/v2\/posts\/35017","targetHints":{"allow":["GET"]}}],"collection":[{"href":"https:\/\/swissmig.unine.ch\/index.php?rest_route=\/wp\/v2\/posts"}],"about":[{"href":"https:\/\/swissmig.unine.ch\/index.php?rest_route=\/wp\/v2\/types\/post"}],"author":[{"embeddable":true,"href":"https:\/\/swissmig.unine.ch\/index.php?rest_route=\/wp\/v2\/users\/4"}],"replies":[{"embeddable":true,"href":"https:\/\/swissmig.unine.ch\/index.php?rest_route=%2Fwp%2Fv2%2Fcomments&post=35017"}],"version-history":[{"count":0,"href":"https:\/\/swissmig.unine.ch\/index.php?rest_route=\/wp\/v2\/posts\/35017\/revisions"}],"wp:attachment":[{"href":"https:\/\/swissmig.unine.ch\/index.php?rest_route=%2Fwp%2Fv2%2Fmedia&parent=35017"}],"wp:term":[{"taxonomy":"category","embeddable":true,"href":"https:\/\/swissmig.unine.ch\/index.php?rest_route=%2Fwp%2Fv2%2Fcategories&post=35017"},{"taxonomy":"post_tag","embeddable":true,"href":"https:\/\/swissmig.unine.ch\/index.php?rest_route=%2Fwp%2Fv2%2Ftags&post=35017"}],"curies":[{"name":"wp","href":"https:\/\/api.w.org\/{rel}","templated":true}]}}