{"id":3501,"date":"2020-02-03T09:00:17","date_gmt":"2020-02-03T08:00:17","guid":{"rendered":"https:\/\/swissmig.wordpress.com\/?p=3501"},"modified":"2020-02-03T09:00:17","modified_gmt":"2020-02-03T08:00:17","slug":"silence-on-soccupe-de-vous-barrieres-a-la-socialisation-langagiere-dans-laccueil-des-requerants-dasile-en-suisse","status":"publish","type":"post","link":"https:\/\/swissmig.unine.ch\/?p=3501","title":{"rendered":"Silence, on s\u2019occupe de vous ! Barri\u00e8res \u00e0 la socialisation langagi\u00e8re dans l\u2019accueil des requ\u00e9rants d\u2019asile en Suisse"},"content":{"rendered":"<h3>Author(s) :\u00a0Anne-Christel Zeiter<\/h3>\n<h3>Source : <a href=\"https:\/\/doi.org\/10.7202\/1066526ar\" target=\"_blank\" rel=\"noopener\">https:\/\/doi.org\/10.7202\/1066526ar<\/a><\/h3>\n<p><strong>Abstract: <\/strong><!--more--><\/p>\n<blockquote>\n<p class=\"alinea\">&#8220;Dans une perspective sociolinguistique critique, cet article explore la mani\u00e8re dont l\u2019assistance procur\u00e9e aux requ\u00e9rantes et requ\u00e9rants d\u2019asile en Suisse peut limiter leurs possibilit\u00e9s de socialisation, et par l\u00e0 m\u00eame leur entr\u00e9e dans la langue du lieu d\u2019accueil. L\u2019analyse de diff\u00e9rents types de donn\u00e9es ethnographiques montre comment l\u2019acc\u00e8s de ces personnes \u00e0 des agir sociaux susceptibles de favoriser leur appropriation langagi\u00e8re est limit\u00e9 par divers savoirs sur les requ\u00e9rantes et requ\u00e9rants d\u2019asile, savoirs qui se construisent et se manifestent dans le discours des acteurs qui d\u00e9tiennent l\u2019autorit\u00e9 sur l\u2019accueil des migrantes et migrants.&#8221;<\/p>\n<section id=\"resume-fr\" class=\"resume\">\n<div class=\"keywords\">\n<p><strong>Mots-cl\u00e9s : <\/strong>asile, acquisition des langues, sociolinguistique critique, minorisation, discrimination<\/p>\n<\/div>\n<\/section>\n<section id=\"resume-en\" class=\"resume\">&nbsp;<\/p>\n<p class=\"alinea\">&#8220;From a critical sociolinguistic perspective, the present article aims to investigate how the assistance designed to welcome and host asylum seekers in Switzerland limits their socialization and language learning. A discursive analysis of different ethnographic data shows how the discourses of various stakeholders having authority over the care of migrants construct knowledge on asylum seekers, with a particular impact on their social and language practices.&#8221;<\/p>\n<div class=\"keywords\">\n<p><strong>Keywords: <\/strong>asylum, L2 learning, power, critical sociolinguistics, silencing<\/p>\n<\/div>\n<\/section>\n<\/blockquote>\n<p>&nbsp;<\/p>\n","protected":false},"excerpt":{"rendered":"<p>Author(s) :\u00a0Anne-Christel Zeiter Source : https:\/\/doi.org\/10.7202\/1066526ar Abstract:<\/p>\n","protected":false},"author":4,"featured_media":0,"comment_status":"open","ping_status":"open","sticky":false,"template":"","format":"standard","meta":{"_kadence_starter_templates_imported_post":false,"_kad_post_transparent":"","_kad_post_title":"","_kad_post_layout":"","_kad_post_sidebar_id":"","_kad_post_content_style":"","_kad_post_vertical_padding":"","_kad_post_feature":"","_kad_post_feature_position":"","_kad_post_header":false,"_kad_post_footer":false,"_kad_post_classname":"","jetpack_post_was_ever_published":false,"_jetpack_newsletter_access":"","_jetpack_dont_email_post_to_subs":false,"_jetpack_newsletter_tier_id":0,"_jetpack_memberships_contains_paywalled_content":false,"_jetpack_memberships_contains_paid_content":false,"footnotes":""},"categories":[43],"tags":[582,7,50,37,82,52,160,236,161,90,91,68],"class_list":["post-3501","post","type-post","status-publish","format-standard","hentry","category-the-migration-phenomenon","tag-582","tag-article","tag-asylum-seekers","tag-attitudes-towards-migrants","tag-ethnic-discrimination","tag-french-language","tag-integration-programmes","tag-language-barriers","tag-language-education","tag-reception-policy","tag-social-integration","tag-sociolinguistics"],"jetpack_featured_media_url":"","jetpack_sharing_enabled":true,"_links":{"self":[{"href":"https:\/\/swissmig.unine.ch\/index.php?rest_route=\/wp\/v2\/posts\/3501","targetHints":{"allow":["GET"]}}],"collection":[{"href":"https:\/\/swissmig.unine.ch\/index.php?rest_route=\/wp\/v2\/posts"}],"about":[{"href":"https:\/\/swissmig.unine.ch\/index.php?rest_route=\/wp\/v2\/types\/post"}],"author":[{"embeddable":true,"href":"https:\/\/swissmig.unine.ch\/index.php?rest_route=\/wp\/v2\/users\/4"}],"replies":[{"embeddable":true,"href":"https:\/\/swissmig.unine.ch\/index.php?rest_route=%2Fwp%2Fv2%2Fcomments&post=3501"}],"version-history":[{"count":0,"href":"https:\/\/swissmig.unine.ch\/index.php?rest_route=\/wp\/v2\/posts\/3501\/revisions"}],"wp:attachment":[{"href":"https:\/\/swissmig.unine.ch\/index.php?rest_route=%2Fwp%2Fv2%2Fmedia&parent=3501"}],"wp:term":[{"taxonomy":"category","embeddable":true,"href":"https:\/\/swissmig.unine.ch\/index.php?rest_route=%2Fwp%2Fv2%2Fcategories&post=3501"},{"taxonomy":"post_tag","embeddable":true,"href":"https:\/\/swissmig.unine.ch\/index.php?rest_route=%2Fwp%2Fv2%2Ftags&post=3501"}],"curies":[{"name":"wp","href":"https:\/\/api.w.org\/{rel}","templated":true}]}}