{"id":34985,"date":"2022-11-07T08:00:00","date_gmt":"2022-11-07T07:00:00","guid":{"rendered":"https:\/\/swissmig.wordpress.com\/?p=34985"},"modified":"2022-11-07T08:00:00","modified_gmt":"2022-11-07T07:00:00","slug":"gouvernement-par-la-peur-insecurisation-lucrative-une-histoire-de-la-suisse-moderne-depuis-les-marges-immigrees","status":"publish","type":"post","link":"https:\/\/swissmig.unine.ch\/?p=34985","title":{"rendered":"Gouvernement par la peur, ins\u00e9curisation lucrative: une histoire de la Suisse moderne depuis les marges immigr\u00e9es"},"content":{"rendered":"<h3>Author(s) : Victor Santos Rodriguez<\/h3>\n<h3>Source : <a href=\"https:\/\/repository.graduateinstitute.ch\/record\/298838\" target=\"_blank\" rel=\"noopener\">https:\/\/repository.graduateinstitute.ch\/record\/298838<\/a><\/h3>\n<p><strong>Abstract: <\/strong><!--more--><\/p>\n<blockquote>\n<div id=\"Abs1-content\" class=\"c-article-section__content\">\n<p>&#8220;La pr\u00e9sente \u00e9tude part d\u2019un paradoxe, celui du rapport historique de la Suisse au fait migratoire. Depuis plus d\u2019un si\u00e8cle, l\u2019immigration est abord\u00e9e comme un danger existentiel, tout en \u00e9tant promue \u00e0 une tr\u00e8s large \u00e9chelle. Si des contradictions entre tendances x\u00e9nophobes et x\u00e9nophiles sont observables dans tous les \u00c9tats occidentaux, le cas helv\u00e9tique se singularise par l\u2019\u00e9paisseur et la long\u00e9vit\u00e9 du contraste, il se d\u00e9marque par le degr\u00e9 d\u2019institutionnalisation de l\u2019ambivalence. Pour comprendre cette \u00ab Suisse schizophr\u00e8ne \u00bb, le d\u00e9calage obstin\u00e9 entre \u00ab \u00dcberfremdung \u00bb et recours massif \u00e0 la main-d\u2019\u0153uvre \u00e9trang\u00e8re, je m\u2019appuie sur une th\u00e9orisation post-structuraliste de la s\u00e9curisation. Un tel \u00e9clairage r\u00e9v\u00e8le la fonction identitaire de l\u2019\u00c9tranger mena\u00e7ant dans une Suisse en mal de coh\u00e9sion, dans le m\u00eame temps qu\u2019il sugg\u00e8re d\u2019envisager les discours s\u00e9curitaire et lib\u00e9ral moins dans une relation contradictoire que dialectique. Le cas suisse montre que s\u00e9curisation et lib\u00e9ralisation des mouvements migratoires ne sont pas des ph\u00e9nom\u00e8nes antinomiques mais des logiques de pouvoir qui s\u2019appuient l\u2019une sur l\u2019autre de mani\u00e8re ambigu\u00eb pour produire des travailleuses et travailleurs immigr\u00e9s d\u00e9shumanis\u00e9s, r\u00e9duits \u00e0 leur plus stricte expression corporelle, leur fonction productive. Ma th\u00e8se donne \u00e0 voir la corpor\u00e9it\u00e9 du discours : elle le fait par le haut \u00e0 travers l\u2019\u00e9tude des dispositifs mis en place par le pouvoir pour en forcer l\u2019incorporation, mais aussi par le bas en mettant en valeur les r\u00e9cits incarn\u00e9s de l\u2019exploitation. Les exemples du \u00ab Gastarbeiter \u00bb puis du \u00ab sans-papiers \u00bb apportent un fondement empirique \u00e0 cette \u00e9conomie politique de la s\u00e9curisation de la migration.&#8221;<\/p>\n<\/div>\n<\/blockquote>\n","protected":false},"excerpt":{"rendered":"<p>Author(s) : Victor Santos Rodriguez Source : https:\/\/repository.graduateinstitute.ch\/record\/298838 Abstract:<\/p>\n","protected":false},"author":4,"featured_media":0,"comment_status":"open","ping_status":"open","sticky":false,"template":"","format":"standard","meta":{"_kadence_starter_templates_imported_post":false,"_kad_post_transparent":"","_kad_post_title":"","_kad_post_layout":"","_kad_post_sidebar_id":"","_kad_post_content_style":"","_kad_post_vertical_padding":"","_kad_post_feature":"","_kad_post_feature_position":"","_kad_post_header":false,"_kad_post_footer":false,"_kad_post_classname":"","jetpack_post_was_ever_published":false,"_jetpack_newsletter_access":"","_jetpack_dont_email_post_to_subs":false,"_jetpack_newsletter_tier_id":0,"_jetpack_memberships_contains_paywalled_content":false,"_jetpack_memberships_contains_paid_content":false,"footnotes":""},"categories":[43],"tags":[654,37,92,120,152,589,79,52,87,98,95,103,254,220,279,262,97],"class_list":["post-34985","post","type-post","status-publish","format-standard","hentry","category-the-migration-phenomenon","tag-654","tag-attitudes-towards-migrants","tag-country-of-origin","tag-data-analysis","tag-discourse","tag-doctoral-thesis","tag-equal-opportunities","tag-french-language","tag-history","tag-immigration-policy","tag-populism","tag-refugees","tag-right-wing-radicalism","tag-seasonal-workers","tag-socioeconomic-factors","tag-undocumented-immigrants","tag-xenophobia"],"jetpack_featured_media_url":"","jetpack_sharing_enabled":true,"_links":{"self":[{"href":"https:\/\/swissmig.unine.ch\/index.php?rest_route=\/wp\/v2\/posts\/34985","targetHints":{"allow":["GET"]}}],"collection":[{"href":"https:\/\/swissmig.unine.ch\/index.php?rest_route=\/wp\/v2\/posts"}],"about":[{"href":"https:\/\/swissmig.unine.ch\/index.php?rest_route=\/wp\/v2\/types\/post"}],"author":[{"embeddable":true,"href":"https:\/\/swissmig.unine.ch\/index.php?rest_route=\/wp\/v2\/users\/4"}],"replies":[{"embeddable":true,"href":"https:\/\/swissmig.unine.ch\/index.php?rest_route=%2Fwp%2Fv2%2Fcomments&post=34985"}],"version-history":[{"count":0,"href":"https:\/\/swissmig.unine.ch\/index.php?rest_route=\/wp\/v2\/posts\/34985\/revisions"}],"wp:attachment":[{"href":"https:\/\/swissmig.unine.ch\/index.php?rest_route=%2Fwp%2Fv2%2Fmedia&parent=34985"}],"wp:term":[{"taxonomy":"category","embeddable":true,"href":"https:\/\/swissmig.unine.ch\/index.php?rest_route=%2Fwp%2Fv2%2Fcategories&post=34985"},{"taxonomy":"post_tag","embeddable":true,"href":"https:\/\/swissmig.unine.ch\/index.php?rest_route=%2Fwp%2Fv2%2Ftags&post=34985"}],"curies":[{"name":"wp","href":"https:\/\/api.w.org\/{rel}","templated":true}]}}