{"id":34973,"date":"2022-10-31T08:00:00","date_gmt":"2022-10-31T07:00:00","guid":{"rendered":"https:\/\/swissmig.wordpress.com\/?p=34973"},"modified":"2022-10-31T08:00:00","modified_gmt":"2022-10-31T07:00:00","slug":"spracherwerb-trotz-trauma-wie-traumatisierungen-und-das-leben-als-asylsuchende-das-lernen-beeinflussen","status":"publish","type":"post","link":"https:\/\/swissmig.unine.ch\/?p=34973","title":{"rendered":"Spracherwerb trotz Trauma? Wie Traumatisierungen und das Leben als Asylsuchende das Lernen beeinflussen"},"content":{"rendered":"<h3>Author(s) : Oliver Schwald<\/h3>\n<h3>Source : <a href=\"http:\/\/babylonia.ch\/de\/archiv\/2017\/nummer-1\/schwald\/\" target=\"_blank\" rel=\"noopener\">http:\/\/babylonia.ch\/de\/archiv\/2017\/nummer-1\/schwald\/<\/a><\/h3>\n<p><strong>Abstract: <\/strong><!--more--><\/p>\n<blockquote>\n<div id=\"Abs1-content\" class=\"c-article-section__content\">\n<p>&#8220;Das Erlernen der Landessprache des Einwanderungslandes ist f\u00fcr gefl\u00fcchtete Menschen eine zentrale, wenn auch schwierige Aufgabe und ein unverzichtbares Handwerkzeug, um an der Schweizer Aufnahmegesellschaft teilhaben zu k\u00f6nnen. Oft ist es ein Generationen \u00fcberschreitendes Projekt und \u00fcberhaupt erst in der zweiten oder dritten Generation zu erreichen. Gelingt der Spracherwerb nicht wie gew\u00fcnscht, ist eine h\u00e4ufige Interpretation f\u00fcr die Ursache der nicht ausreichenden Sprachkompetenz, dass sich Asylsuchende zu wenig bem\u00fchen w\u00fcrden. Diese Interpretation polarisiert und verst\u00e4rkt Verunsicherungen und Ausgrenzungen gegen\u00fcber Einwandererfamilien und hilft dem Ziel, die Sprachkompetenzen von Menschen mit Migrationshintergrund zu f\u00f6rdern, kaum. Sprache ist f\u00fcr die eigene (kulturelle) Identit\u00e4t von grosser Bedeutung. Gerade Menschen die unfreiwillig ihr Land verlassen haben, sind durch die Flucht und die Lebensbedingungen, die sie in der Schweiz antreffen, in vielen Bereichen verunsichert. Sprache kann hier ein Gef\u00fchl von Vertrautheit vermittelt.&#8221;<\/p>\n<p>&#8220;L\u2019apprentissage d\u2019une langue nationale est consid\u00e9r\u00e9 comme un facteur d\u2018int\u00e9gration central pour des personnes r\u00e9fugi\u00e9es \u00e0 la recherche de protection et d\u2019un avenir en Suisse. Le succ\u00e8s de cet apprentissage ne d\u00e9pend pas seulement de l\u2019effort investi, mais aussi de la biographie scolaire des apprenants, ainsi que des conditions de vie et de soutien en Suisse et des effets des traumas v\u00e9cus. En effet, des troubles tels que le stress post-traumatique ou la d\u00e9pression peuvent affecter la capacit\u00e9 d\u2019apprentissage des individus. Dans cet article, nous pr\u00e9sentons de possibles effets de ces troubles sur l\u2019apprentissage langagier. Une prise en charge multi-disciplinaire est n\u00e9cessaire en compl\u00e9ment d\u2019une adaptation de l\u2019offre d\u2019enseignement. Dans le m\u00eame ordre d\u2019id\u00e9es, le r\u00f4le des garderies et des \u00e9coles pour le d\u00e9veloppement langagier des enfants de r\u00e9fugi\u00e9s est \u00e0 souligner, car les parents de familles migrantes ne peuvent souvent que difficilement soutenir leurs enfants dans ce sens.&#8221;<\/p>\n<\/div>\n<\/blockquote>\n","protected":false},"excerpt":{"rendered":"<p>Author(s) : Oliver Schwald Source : http:\/\/babylonia.ch\/de\/archiv\/2017\/nummer-1\/schwald\/ Abstract:<\/p>\n","protected":false},"author":4,"featured_media":0,"comment_status":"open","ping_status":"open","sticky":false,"template":"","format":"standard","meta":{"_kadence_starter_templates_imported_post":false,"_kad_post_transparent":"","_kad_post_title":"","_kad_post_layout":"","_kad_post_sidebar_id":"","_kad_post_content_style":"","_kad_post_vertical_padding":"","_kad_post_feature":"","_kad_post_feature_position":"","_kad_post_header":false,"_kad_post_footer":false,"_kad_post_classname":"","jetpack_post_was_ever_published":false,"_jetpack_newsletter_access":"","_jetpack_dont_email_post_to_subs":false,"_jetpack_newsletter_tier_id":0,"_jetpack_memberships_contains_paywalled_content":false,"_jetpack_memberships_contains_paid_content":false,"footnotes":""},"categories":[167],"tags":[48,7,318,151,21,73,280,236,162,188,103,117,91,340,470],"class_list":["post-34973","post","type-post","status-publish","format-standard","hentry","category-ethnicity-languages-religion-arts","tag-48","tag-article","tag-children","tag-cultural-identity","tag-family","tag-german-language","tag-immigration-background","tag-language-barriers","tag-language-policy","tag-ptsd","tag-refugees","tag-school-integration","tag-social-integration","tag-social-support","tag-trauma"],"jetpack_featured_media_url":"","jetpack_sharing_enabled":true,"_links":{"self":[{"href":"https:\/\/swissmig.unine.ch\/index.php?rest_route=\/wp\/v2\/posts\/34973","targetHints":{"allow":["GET"]}}],"collection":[{"href":"https:\/\/swissmig.unine.ch\/index.php?rest_route=\/wp\/v2\/posts"}],"about":[{"href":"https:\/\/swissmig.unine.ch\/index.php?rest_route=\/wp\/v2\/types\/post"}],"author":[{"embeddable":true,"href":"https:\/\/swissmig.unine.ch\/index.php?rest_route=\/wp\/v2\/users\/4"}],"replies":[{"embeddable":true,"href":"https:\/\/swissmig.unine.ch\/index.php?rest_route=%2Fwp%2Fv2%2Fcomments&post=34973"}],"version-history":[{"count":0,"href":"https:\/\/swissmig.unine.ch\/index.php?rest_route=\/wp\/v2\/posts\/34973\/revisions"}],"wp:attachment":[{"href":"https:\/\/swissmig.unine.ch\/index.php?rest_route=%2Fwp%2Fv2%2Fmedia&parent=34973"}],"wp:term":[{"taxonomy":"category","embeddable":true,"href":"https:\/\/swissmig.unine.ch\/index.php?rest_route=%2Fwp%2Fv2%2Fcategories&post=34973"},{"taxonomy":"post_tag","embeddable":true,"href":"https:\/\/swissmig.unine.ch\/index.php?rest_route=%2Fwp%2Fv2%2Ftags&post=34973"}],"curies":[{"name":"wp","href":"https:\/\/api.w.org\/{rel}","templated":true}]}}