{"id":34970,"date":"2022-10-31T08:00:00","date_gmt":"2022-10-31T07:00:00","guid":{"rendered":"https:\/\/swissmig.wordpress.com\/?p=34970"},"modified":"2022-10-31T08:00:00","modified_gmt":"2022-10-31T07:00:00","slug":"la-structure-economique-et-sociale-de-la-suisse","status":"publish","type":"post","link":"https:\/\/swissmig.unine.ch\/?p=34970","title":{"rendered":"La structure \u00e9conomique et sociale de la Suisse"},"content":{"rendered":"<h3>Author(s) : Daniel Oesch<\/h3>\n<h3>Source : <a href=\"http:\/\/dx.doi.org\/10.12682\/lives.2296-1658.2022.94\" target=\"_blank\" rel=\"noopener\">http:\/\/dx.doi.org\/10.12682\/lives.2296-1658.2022.94<\/a><\/h3>\n<p><strong>Abstract: <\/strong><!--more--><\/p>\n<blockquote>\n<div id=\"Abs1-content\" class=\"c-article-section__content\">\n<p>&#8220;Cet article met en lumi\u00e8re les principales tendances \u00e9conomiques et sociales en Suisse au cours des deux d\u00e9cennies entre 2000 et 2020. Cette p\u00e9riode a \u00e9t\u00e9 marqu\u00e9e par la croissance : l\u2019\u00e9conomie suisse a connu une croissance quasi ininterrompue, l\u2019emploi a cru dans des proportions jamais vues depuis les ann\u00e9es 1960 et la population a augment\u00e9 de plus d\u2019un cinqui\u00e8me. Sur la p\u00e9riode, la structure sociale de la Suisse a fondamentalement chang\u00e9. Le niveau d\u2019\u00e9ducation a fortement augment\u00e9. D\u2019une part, les hautes \u00e9coles suisses ont form\u00e9 un nombre croissant de r\u00e9sidents. D\u2019autre part, les entreprises suisses ont recrut\u00e9 un nombre croissant d\u2019immigrants europ\u00e9ens hautement qualifi\u00e9s. En cons\u00e9quence, la formation tertiaire est devenu la nouvelle norme en Suisse, rempla\u00e7ant l\u2019apprentissage comme niveau d\u2019\u00e9ducation dominant. En parall\u00e8le, la population suisse s\u2019est diversifi\u00e9e sous l\u2019influence d\u2019une forte immigration. L\u2019immigration de plus en plus qualifi\u00e9e a mis fin \u00e0 une structure sociale asym\u00e9trique o\u00f9 les \u00e9trangers originaires d\u2019Italie, d\u2019Espagne, du Portugal et de l\u2019ex-Yougoslavie \u00e9taient traditionnellement rel\u00e9gu\u00e9s au bas de l\u2019\u00e9chelle sociale. L\u2019article montre que ces changements structurels ont modifi\u00e9 en profondeur la stratification sociale en Suisse. Alors que les rangs de la classe moyenne salari\u00e9e se sont \u00e9largis, la classe ouvri\u00e8re traditionnelle ainsi que la classe moyenne inf\u00e9rieure des employ\u00e9s de bureau ont perdu du terrain. Par cons\u00e9quent, les grands perdants du changement structurel de ces derni\u00e8res d\u00e9cennies n\u2019ont pas \u00e9t\u00e9 la classe moyenne, mais la classe ouvri\u00e8re.&#8221;<\/p>\n<\/div>\n<\/blockquote>\n","protected":false},"excerpt":{"rendered":"<p>Author(s) : Daniel Oesch Source : http:\/\/dx.doi.org\/10.12682\/lives.2296-1658.2022.94 Abstract:<\/p>\n","protected":false},"author":4,"featured_media":0,"comment_status":"open","ping_status":"open","sticky":false,"template":"","format":"standard","meta":{"_kadence_starter_templates_imported_post":false,"_kad_post_transparent":"","_kad_post_title":"","_kad_post_layout":"","_kad_post_sidebar_id":"","_kad_post_content_style":"","_kad_post_vertical_padding":"","_kad_post_feature":"","_kad_post_feature_position":"","_kad_post_header":false,"_kad_post_footer":false,"_kad_post_classname":"","jetpack_post_was_ever_published":false,"_jetpack_newsletter_access":"","_jetpack_dont_email_post_to_subs":false,"_jetpack_newsletter_tier_id":0,"_jetpack_memberships_contains_paywalled_content":false,"_jetpack_memberships_contains_paid_content":false,"footnotes":""},"categories":[171],"tags":[722,57,92,120,196,79,52,55,87,98,104,103,278,47,91,384,158,309],"class_list":["post-34970","post","type-post","status-publish","format-standard","hentry","category-generalities","tag-722","tag-comparative-analysis","tag-country-of-origin","tag-data-analysis","tag-economics","tag-equal-opportunities","tag-french-language","tag-high-skilled-immigrants","tag-history","tag-immigration-policy","tag-living-conditions","tag-refugees","tag-social-class","tag-social-inequalities","tag-social-integration","tag-workers","tag-working-conditions","tag-working-paper"],"jetpack_featured_media_url":"","jetpack_sharing_enabled":true,"_links":{"self":[{"href":"https:\/\/swissmig.unine.ch\/index.php?rest_route=\/wp\/v2\/posts\/34970","targetHints":{"allow":["GET"]}}],"collection":[{"href":"https:\/\/swissmig.unine.ch\/index.php?rest_route=\/wp\/v2\/posts"}],"about":[{"href":"https:\/\/swissmig.unine.ch\/index.php?rest_route=\/wp\/v2\/types\/post"}],"author":[{"embeddable":true,"href":"https:\/\/swissmig.unine.ch\/index.php?rest_route=\/wp\/v2\/users\/4"}],"replies":[{"embeddable":true,"href":"https:\/\/swissmig.unine.ch\/index.php?rest_route=%2Fwp%2Fv2%2Fcomments&post=34970"}],"version-history":[{"count":0,"href":"https:\/\/swissmig.unine.ch\/index.php?rest_route=\/wp\/v2\/posts\/34970\/revisions"}],"wp:attachment":[{"href":"https:\/\/swissmig.unine.ch\/index.php?rest_route=%2Fwp%2Fv2%2Fmedia&parent=34970"}],"wp:term":[{"taxonomy":"category","embeddable":true,"href":"https:\/\/swissmig.unine.ch\/index.php?rest_route=%2Fwp%2Fv2%2Fcategories&post=34970"},{"taxonomy":"post_tag","embeddable":true,"href":"https:\/\/swissmig.unine.ch\/index.php?rest_route=%2Fwp%2Fv2%2Ftags&post=34970"}],"curies":[{"name":"wp","href":"https:\/\/api.w.org\/{rel}","templated":true}]}}