{"id":34947,"date":"2022-10-17T08:00:00","date_gmt":"2022-10-17T07:00:00","guid":{"rendered":"https:\/\/swissmig.wordpress.com\/?p=34947"},"modified":"2022-10-17T08:00:00","modified_gmt":"2022-10-17T07:00:00","slug":"la-lutte-contre-la-traite-des-etres-humains-dans-le-contexte-cantonal-facteurs-de-risque-nombre-de-cas-et-mesures-institutionnelles","status":"publish","type":"post","link":"https:\/\/swissmig.unine.ch\/?p=34947","title":{"rendered":"La lutte contre la traite des \u00eatres humains dans le contexte cantonal : facteurs de risque, nombre de cas et mesures institutionnelles"},"content":{"rendered":"<h3>Author(s) : Johanna Probst, Denise Efionayi-M\u00e4der, Anne-Laurence Graf, Didier Ruedin<\/h3>\n<h3>Source : <a href=\"https:\/\/www.skmr.ch\/cms\/upload\/pdf\/2022\/220906_Etude_lutte_traite_etres_humains.pdf\" target=\"_blank\" rel=\"noopener\">https:\/\/www.skmr.ch\/cms\/upload\/pdf\/2022\/220906_Etude_lutte_traite_etres_humains.pdf<\/a><\/h3>\n<p><strong>Abstract: <\/strong><!--more--><\/p>\n<blockquote>\n<div id=\"Abs1-content\" class=\"c-article-section__content\">\n<p>&#8220;<span id=\"page20R_mcid1\" class=\"markedContent\"><span dir=\"ltr\" role=\"presentation\">En Suisse, la lutte contre la traite des \u00eatres humains est essentiellement du ressort des cantons. <\/span><span dir=\"ltr\" role=\"presentation\">Elle se fait par la pr\u00e9vention, la poursuite p\u00e9nale, l\u2019assistance aux victimes et le partenariat. La <\/span><span dir=\"ltr\" role=\"presentation\">pr\u00e9sente \u00e9tude se penche sur les mesures respectives prises par les cantons et les compare au <\/span><span dir=\"ltr\" role=\"presentation\">risque que la traite se manifeste de mani\u00e8re accrue dans certains d\u2019entre eux. <\/span><\/span><span id=\"page20R_mcid2\" class=\"markedContent\"><span dir=\"ltr\" role=\"presentation\">Le risque de traite d\u00e9pend de la structure \u00e9conomique d\u2019un canton : plus l\u2019industrie du sexe y est <\/span><span dir=\"ltr\" role=\"presentation\">importante, plus le risque de traite \u00e0 des fins d\u2019exploitation sexuelle y est \u00e9lev\u00e9 ; plus l\u2019industrie <\/span><span dir=\"ltr\" role=\"presentation\">h\u00f4teli\u00e8re ou le secteur de la construction y sont importants, plus le risque de traite \u00e0 des fins d\u2019ex<\/span><span dir=\"ltr\" role=\"presentation\">ploitation du travail y est \u00e9lev\u00e9. <\/span><\/span><span id=\"page20R_mcid3\" class=\"markedContent\"><span dir=\"ltr\" role=\"presentation\">Les cantons combattent la traite essentiellement par des mesures institutionnelles, par ex. une <\/span><span dir=\"ltr\" role=\"presentation\">table ronde d\u00e9di\u00e9e \u00e0 ce th\u00e8me ou une formation initiale et continue sp\u00e9cifique du personnel. Tou<\/span><span dir=\"ltr\" role=\"presentation\">tefois, certains cantons ne mettent au jour que tr\u00e8s peu de cas de traite quand bien m\u00eame ils sont <\/span><span dir=\"ltr\" role=\"presentation\">solidement dot\u00e9s institutionnellement. La mise en \u0153uvre des dispositifs s\u2019av\u00e8re donc d\u00e9terminante. <\/span><\/span><span id=\"page20R_mcid4\" class=\"markedContent\"><span dir=\"ltr\" role=\"presentation\">Dans le cadre de la pr\u00e9sente \u00e9tude, nous avons constat\u00e9 que dans la plupart des cantons, les <\/span><span dir=\"ltr\" role=\"presentation\">efforts de lutte sont proportionnels au risque y pr\u00e9valant. Il existe toutefois certains cantons qui ne <\/span><span dir=\"ltr\" role=\"presentation\">d\u00e9tectent que tr\u00e8s peu de cas compar\u00e9 au risque et aux mesures institutionnelles mises en place, <\/span><span dir=\"ltr\" role=\"presentation\">et d\u2019autres cantons encore dont le dispositif est insuffisant au regard du risque. Enfin, il y a aussi <\/span><span dir=\"ltr\" role=\"presentation\">quelques petits cantons o\u00f9 un risque particuli\u00e8rement faible fait appara\u00eetre des dispositions plus <\/span><span dir=\"ltr\" role=\"presentation\">cons\u00e9quentes comme n\u2019\u00e9tant pas n\u00e9cessaires.<\/span><\/span><span id=\"page33R_mcid4\" class=\"markedContent\"><\/span>&#8221;<\/p>\n<\/div>\n<\/blockquote>\n","protected":false},"excerpt":{"rendered":"<p>Author(s) : Johanna Probst, Denise Efionayi-M\u00e4der, Anne-Laurence Graf, Didier Ruedin&#8230;<\/p>\n","protected":false},"author":4,"featured_media":0,"comment_status":"open","ping_status":"open","sticky":false,"template":"","format":"standard","meta":{"_kadence_starter_templates_imported_post":false,"_kad_post_transparent":"","_kad_post_title":"","_kad_post_layout":"","_kad_post_sidebar_id":"","_kad_post_content_style":"","_kad_post_vertical_padding":"","_kad_post_feature":"","_kad_post_feature_position":"","_kad_post_header":false,"_kad_post_footer":false,"_kad_post_classname":"","jetpack_post_was_ever_published":false,"_jetpack_newsletter_access":"","_jetpack_dont_email_post_to_subs":false,"_jetpack_newsletter_tier_id":0,"_jetpack_memberships_contains_paywalled_content":false,"_jetpack_memberships_contains_paid_content":false,"footnotes":""},"categories":[24],"tags":[722,273,57,209,52,271,293,303,66,102,295,113,249,355,158],"class_list":["post-34947","post","type-post","status-publish","format-standard","hentry","category-society-family-racism","tag-722","tag-cantons","tag-comparative-analysis","tag-criminal-behaviour","tag-french-language","tag-human-rights-violations","tag-human-smuggling","tag-legal-aspects","tag-migration","tag-poverty","tag-prevention","tag-public-administration","tag-report","tag-sexual-violence","tag-working-conditions"],"jetpack_featured_media_url":"","jetpack_sharing_enabled":true,"_links":{"self":[{"href":"https:\/\/swissmig.unine.ch\/index.php?rest_route=\/wp\/v2\/posts\/34947","targetHints":{"allow":["GET"]}}],"collection":[{"href":"https:\/\/swissmig.unine.ch\/index.php?rest_route=\/wp\/v2\/posts"}],"about":[{"href":"https:\/\/swissmig.unine.ch\/index.php?rest_route=\/wp\/v2\/types\/post"}],"author":[{"embeddable":true,"href":"https:\/\/swissmig.unine.ch\/index.php?rest_route=\/wp\/v2\/users\/4"}],"replies":[{"embeddable":true,"href":"https:\/\/swissmig.unine.ch\/index.php?rest_route=%2Fwp%2Fv2%2Fcomments&post=34947"}],"version-history":[{"count":0,"href":"https:\/\/swissmig.unine.ch\/index.php?rest_route=\/wp\/v2\/posts\/34947\/revisions"}],"wp:attachment":[{"href":"https:\/\/swissmig.unine.ch\/index.php?rest_route=%2Fwp%2Fv2%2Fmedia&parent=34947"}],"wp:term":[{"taxonomy":"category","embeddable":true,"href":"https:\/\/swissmig.unine.ch\/index.php?rest_route=%2Fwp%2Fv2%2Fcategories&post=34947"},{"taxonomy":"post_tag","embeddable":true,"href":"https:\/\/swissmig.unine.ch\/index.php?rest_route=%2Fwp%2Fv2%2Ftags&post=34947"}],"curies":[{"name":"wp","href":"https:\/\/api.w.org\/{rel}","templated":true}]}}