{"id":34939,"date":"2022-10-17T08:00:00","date_gmt":"2022-10-17T07:00:00","guid":{"rendered":"https:\/\/swissmig.wordpress.com\/?p=34939"},"modified":"2022-10-17T08:00:00","modified_gmt":"2022-10-17T07:00:00","slug":"lintegration-des-emigrants-suisses-aux-etats-unis-1850-1939","status":"publish","type":"post","link":"https:\/\/swissmig.unine.ch\/?p=34939","title":{"rendered":"L&#8217;int\u00e9gration des \u00e9migrants suisses aux \u00c9tats-Unis 1850-1939"},"content":{"rendered":"<h3>Author(s) : G\u00e9rald Arlettaz<\/h3>\n<h3>Source : <a href=\"https:\/\/doc.rero.ch\/record\/29175\" target=\"_blank\" rel=\"noopener\">https:\/\/doc.rero.ch\/record\/29175<\/a><\/h3>\n<p><strong>Abstract: <\/strong><!--more--><\/p>\n<blockquote>\n<div id=\"Abs1-content\" class=\"c-article-section__content\">\n<p>&#8220;<span dir=\"ltr\" role=\"presentation\">D\u00e8s le xix<\/span>e <span dir=\"ltr\" role=\"presentation\">si\u00e8cle d\u00e9j\u00e0, l&#8217;\u00e9migration des Suisses, aux \u00c9tats-Unis en par<\/span><span dir=\"ltr\" role=\"presentation\">ticulier, a fait<\/span> <span dir=\"ltr\" role=\"presentation\">l&#8217;objet<\/span> <span dir=\"ltr\" role=\"presentation\">d&#8217;un nombre de travaux relativement<\/span> <span dir=\"ltr\" role=\"presentation\">consid\u00e9rable <\/span><span dir=\"ltr\" role=\"presentation\">dont la plus grande partie se justifie par la volont\u00e9 des \u00e9migrants et de <\/span><span dir=\"ltr\" role=\"presentation\">leurs descendants de rester en contact avec leur ancienne patrie et m\u00eame <\/span><span dir=\"ltr\" role=\"presentation\">de se pr\u00e9senter<\/span> <span dir=\"ltr\" role=\"presentation\">comme un<\/span> <span dir=\"ltr\" role=\"presentation\">appendice<\/span> <span dir=\"ltr\" role=\"presentation\">extraeurop\u00e9en<\/span> <span dir=\"ltr\" role=\"presentation\">de l&#8217;Helv\u00e9tie,<\/span> <span dir=\"ltr\" role=\"presentation\">\u00ab la <\/span><span dir=\"ltr\" role=\"presentation\">cinqui\u00e8me Suisse \u00bb. En elle-m\u00eame, cette litt\u00e9rature est d\u00e9j\u00e0 r\u00e9v\u00e9latrice de <\/span><span dir=\"ltr\" role=\"presentation\">l&#8217;attachement<\/span> <span dir=\"ltr\" role=\"presentation\">des Suisses \u00e0 leurs valeurs ancestrales et, par<\/span> <span dir=\"ltr\" role=\"presentation\">cons\u00e9quent, <\/span><span dir=\"ltr\" role=\"presentation\">de leur intention de maintenir leur sp\u00e9cificit\u00e9<\/span> <span dir=\"ltr\" role=\"presentation\">dans le milieu<\/span> <span dir=\"ltr\" role=\"presentation\">am\u00e9ricain. <\/span><span dir=\"ltr\" role=\"presentation\">Naturellement, l&#8217;historiographie<\/span> <span dir=\"ltr\" role=\"presentation\">des relations am\u00e9ricano-helv\u00e9tiques a \u00e9t\u00e9 <\/span><span dir=\"ltr\" role=\"presentation\">le fait de gens bien int\u00e9gr\u00e9s dans la soci\u00e9t\u00e9, suisse ou am\u00e9ricaine, qui ont <\/span><span dir=\"ltr\" role=\"presentation\">surtout cherch\u00e9 \u00e0 mettre en \u00e9vidence l&#8217;apport \u00e9conomique et spirituel des <\/span><span dir=\"ltr\" role=\"presentation\">Suisses aux \u00c9tats-Unis, laissant dans l&#8217;ombre l&#8217;\u00e9tude statistique et cultu<\/span><span dir=\"ltr\" role=\"presentation\">relle des causes de l&#8217;\u00e9migration et des facteurs d&#8217;int\u00e9gration<\/span><span dir=\"ltr\" role=\"presentation\">.<\/span>&#8221;<\/p>\n<\/div>\n<\/blockquote>\n","protected":false},"excerpt":{"rendered":"<p>Author(s) : G\u00e9rald Arlettaz Source : https:\/\/doc.rero.ch\/record\/29175 Abstract:<\/p>\n","protected":false},"author":4,"featured_media":0,"comment_status":"open","ping_status":"open","sticky":false,"template":"","format":"standard","meta":{"_kadence_starter_templates_imported_post":false,"_kad_post_transparent":"","_kad_post_title":"","_kad_post_layout":"","_kad_post_sidebar_id":"","_kad_post_content_style":"","_kad_post_vertical_padding":"","_kad_post_feature":"","_kad_post_feature_position":"","_kad_post_header":false,"_kad_post_footer":false,"_kad_post_classname":"","jetpack_post_was_ever_published":false,"_jetpack_newsletter_access":"","_jetpack_dont_email_post_to_subs":false,"_jetpack_newsletter_tier_id":0,"_jetpack_memberships_contains_paywalled_content":false,"_jetpack_memberships_contains_paid_content":false,"footnotes":""},"categories":[35],"tags":[7,151,137,66,138,91,279,438],"class_list":["post-34939","post","type-post","status-publish","format-standard","hentry","category-history","tag-article","tag-cultural-identity","tag-emigration","tag-migration","tag-migration-motives","tag-social-integration","tag-socioeconomic-factors","tag-united-states"],"jetpack_featured_media_url":"","jetpack_sharing_enabled":true,"_links":{"self":[{"href":"https:\/\/swissmig.unine.ch\/index.php?rest_route=\/wp\/v2\/posts\/34939","targetHints":{"allow":["GET"]}}],"collection":[{"href":"https:\/\/swissmig.unine.ch\/index.php?rest_route=\/wp\/v2\/posts"}],"about":[{"href":"https:\/\/swissmig.unine.ch\/index.php?rest_route=\/wp\/v2\/types\/post"}],"author":[{"embeddable":true,"href":"https:\/\/swissmig.unine.ch\/index.php?rest_route=\/wp\/v2\/users\/4"}],"replies":[{"embeddable":true,"href":"https:\/\/swissmig.unine.ch\/index.php?rest_route=%2Fwp%2Fv2%2Fcomments&post=34939"}],"version-history":[{"count":0,"href":"https:\/\/swissmig.unine.ch\/index.php?rest_route=\/wp\/v2\/posts\/34939\/revisions"}],"wp:attachment":[{"href":"https:\/\/swissmig.unine.ch\/index.php?rest_route=%2Fwp%2Fv2%2Fmedia&parent=34939"}],"wp:term":[{"taxonomy":"category","embeddable":true,"href":"https:\/\/swissmig.unine.ch\/index.php?rest_route=%2Fwp%2Fv2%2Fcategories&post=34939"},{"taxonomy":"post_tag","embeddable":true,"href":"https:\/\/swissmig.unine.ch\/index.php?rest_route=%2Fwp%2Fv2%2Ftags&post=34939"}],"curies":[{"name":"wp","href":"https:\/\/api.w.org\/{rel}","templated":true}]}}