{"id":34935,"date":"2022-10-10T08:00:00","date_gmt":"2022-10-10T07:00:00","guid":{"rendered":"https:\/\/swissmig.wordpress.com\/?p=34935"},"modified":"2022-10-10T08:00:00","modified_gmt":"2022-10-10T07:00:00","slug":"segregation-professionnelle-selon-le-statut-migratoire-et-le-sexe-en-europe-comment-expliquer-les-ecarts-entre-pays","status":"publish","type":"post","link":"https:\/\/swissmig.unine.ch\/?p=34935","title":{"rendered":"S\u00e9gr\u00e9gation professionnelle selon le statut migratoire et le sexe en Europe: comment expliquer les \u00e9carts entre pays?"},"content":{"rendered":"<h3>Author(s) : Amaia Palencia-Esteban<\/h3>\n<h3>Source : <a href=\"https:\/\/doi.org\/10.1111\/ilrf.12253\">https:\/\/doi.org\/10.1111\/ilrf.12253<\/a><\/h3>\n<div class=\"article-section__content en main\">\n<\/div>\n<p><strong>Abstract: <\/strong><!--more--><\/p>\n<blockquote>\n<div id=\"Abs1-content\" class=\"c-article-section__content\">\n<p>&#8220;L&#8217;autrice mesure la s\u00e9gr\u00e9gation professionnelle selon le statut migratoire en Europe, en analysant la situation s\u00e9par\u00e9ment pour les femmes et pour les hommes. Les donn\u00e9es proviennent des vagues 2005\u20132019 de l&#8217;enqu\u00eate EFT de l&#8217;Union europ\u00e9enne. La r\u00e9partition est plus s\u00e9gr\u00e9gative pour les femmes, par rapport aux hommes, pour les immigr\u00e9s de la premi\u00e8re g\u00e9n\u00e9ration, par rapport \u00e0 la deuxi\u00e8me, et dans les pays d&#8217;Europe m\u00e9ridionale et orientale, par rapport \u00e0 l&#8217;Europe septentrionale et occidentale. Une analyse contrefactuelle montre que les caract\u00e9ristiques des migrants influent peu sur les \u00e9carts g\u00e9ographiques. Les institutions, les politiques d&#8217;int\u00e9gration et les syst\u00e8mes de valeur pourraient jouer un r\u00f4le important.&#8221;<\/p>\n<p class=\"c-article__sub-heading\"><strong>Mots-cl\u00e9s <\/strong>: s\u00e9gr\u00e9gation professionnelle, genre, immigration, Europe, travailleur migrant<\/p>\n<\/div>\n<\/blockquote>\n","protected":false},"excerpt":{"rendered":"<p>Author(s) : Amaia Palencia-Esteban Source : https:\/\/doi.org\/10.1111\/ilrf.12253 Abstract:<\/p>\n","protected":false},"author":4,"featured_media":0,"comment_status":"open","ping_status":"open","sticky":false,"template":"","format":"standard","meta":{"_kadence_starter_templates_imported_post":false,"_kad_post_transparent":"","_kad_post_title":"","_kad_post_layout":"","_kad_post_sidebar_id":"","_kad_post_content_style":"","_kad_post_vertical_padding":"","_kad_post_feature":"","_kad_post_feature_position":"","_kad_post_header":false,"_kad_post_footer":false,"_kad_post_classname":"","jetpack_post_was_ever_published":false,"_jetpack_newsletter_access":"","_jetpack_dont_email_post_to_subs":false,"_jetpack_newsletter_tier_id":0,"_jetpack_memberships_contains_paywalled_content":false,"_jetpack_memberships_contains_paid_content":false,"footnotes":""},"categories":[16],"tags":[722,7,57,120,176,58,225,52,148,387,19,122,356,145,213,384],"class_list":["post-34935","post","type-post","status-publish","format-standard","hentry","category-economics","tag-722","tag-article","tag-comparative-analysis","tag-data-analysis","tag-economic-integration","tag-europe","tag-first-generation","tag-french-language","tag-gender","tag-integration-policy","tag-labour-market","tag-migrants","tag-migratory-status","tag-second-generation","tag-segregation","tag-workers"],"jetpack_featured_media_url":"","jetpack_sharing_enabled":true,"_links":{"self":[{"href":"https:\/\/swissmig.unine.ch\/index.php?rest_route=\/wp\/v2\/posts\/34935","targetHints":{"allow":["GET"]}}],"collection":[{"href":"https:\/\/swissmig.unine.ch\/index.php?rest_route=\/wp\/v2\/posts"}],"about":[{"href":"https:\/\/swissmig.unine.ch\/index.php?rest_route=\/wp\/v2\/types\/post"}],"author":[{"embeddable":true,"href":"https:\/\/swissmig.unine.ch\/index.php?rest_route=\/wp\/v2\/users\/4"}],"replies":[{"embeddable":true,"href":"https:\/\/swissmig.unine.ch\/index.php?rest_route=%2Fwp%2Fv2%2Fcomments&post=34935"}],"version-history":[{"count":0,"href":"https:\/\/swissmig.unine.ch\/index.php?rest_route=\/wp\/v2\/posts\/34935\/revisions"}],"wp:attachment":[{"href":"https:\/\/swissmig.unine.ch\/index.php?rest_route=%2Fwp%2Fv2%2Fmedia&parent=34935"}],"wp:term":[{"taxonomy":"category","embeddable":true,"href":"https:\/\/swissmig.unine.ch\/index.php?rest_route=%2Fwp%2Fv2%2Fcategories&post=34935"},{"taxonomy":"post_tag","embeddable":true,"href":"https:\/\/swissmig.unine.ch\/index.php?rest_route=%2Fwp%2Fv2%2Ftags&post=34935"}],"curies":[{"name":"wp","href":"https:\/\/api.w.org\/{rel}","templated":true}]}}