{"id":34931,"date":"2022-10-10T08:00:00","date_gmt":"2022-10-10T07:00:00","guid":{"rendered":"https:\/\/swissmig.wordpress.com\/?p=34931"},"modified":"2022-10-10T08:00:00","modified_gmt":"2022-10-10T07:00:00","slug":"the-extent-of-resume-whitening","status":"publish","type":"post","link":"https:\/\/swissmig.unine.ch\/?p=34931","title":{"rendered":"The Extent of R\u00e9sum\u00e9 Whitening"},"content":{"rendered":"<h3>Author(s) : Didier Ruedin, Eva Van Belle<\/h3>\n<h3>Source : <a href=\"https:\/\/doi.org\/10.1177\/13607804221094625\" target=\"_blank\" rel=\"noopener\">https:\/\/doi.org\/10.1177\/13607804221094625<\/a><\/h3>\n<p><strong>Abstract: <\/strong><!--more--><\/p>\n<blockquote>\n<div id=\"Abs1-content\" class=\"c-article-section__content\">\n<p>&#8220;Persistent hiring discrimination as demonstrated by correspondence experiments incites immigrant job candidates and their descendants to modify their r\u00e9sum\u00e9 to hide their immigrant status, that is, r\u00e9sum\u00e9 whitening. To date, we have little to no empirical evidence on how common this is in practice. We test the extent of r\u00e9sum\u00e9 whitening with a representative survey of immigrants in Switzerland (N\u2009=\u20097659). Around 9% of the immigrants used some r\u00e9sum\u00e9 whitening. Immigrants appear to use r\u00e9sum\u00e9 whitening strategically when experiencing or anticipating discrimination. Future correspondence experiments should take this into account to maximize external validity.&#8221;<\/p>\n<p><strong>Keywords<\/strong>: CV, discrimination, ethnic minority, labor market, migration, r\u00e9sum\u00e9 whitening<\/p>\n<\/div>\n<\/blockquote>\n","protected":false},"excerpt":{"rendered":"<p>Author(s) : Didier Ruedin, Eva Van Belle Source : https:\/\/doi.org\/10.1177\/13607804221094625&#8230;<\/p>\n","protected":false},"author":4,"featured_media":0,"comment_status":"open","ping_status":"open","sticky":false,"template":"","format":"standard","meta":{"_kadence_starter_templates_imported_post":false,"_kad_post_transparent":"","_kad_post_title":"","_kad_post_layout":"","_kad_post_sidebar_id":"","_kad_post_content_style":"","_kad_post_vertical_padding":"","_kad_post_feature":"","_kad_post_feature_position":"","_kad_post_header":false,"_kad_post_footer":false,"_kad_post_classname":"","jetpack_post_was_ever_published":false,"_jetpack_newsletter_access":"","_jetpack_dont_email_post_to_subs":false,"_jetpack_newsletter_tier_id":0,"_jetpack_memberships_contains_paywalled_content":false,"_jetpack_memberships_contains_paid_content":false,"footnotes":""},"categories":[16],"tags":[722,362,7,120,176,9,79,82,121,19,66,334],"class_list":["post-34931","post","type-post","status-publish","format-standard","hentry","category-economics","tag-722","tag-access-to-employment","tag-article","tag-data-analysis","tag-economic-integration","tag-english-language","tag-equal-opportunities","tag-ethnic-discrimination","tag-ethnic-minorities","tag-labour-market","tag-migration","tag-racism"],"jetpack_featured_media_url":"","jetpack_sharing_enabled":true,"_links":{"self":[{"href":"https:\/\/swissmig.unine.ch\/index.php?rest_route=\/wp\/v2\/posts\/34931","targetHints":{"allow":["GET"]}}],"collection":[{"href":"https:\/\/swissmig.unine.ch\/index.php?rest_route=\/wp\/v2\/posts"}],"about":[{"href":"https:\/\/swissmig.unine.ch\/index.php?rest_route=\/wp\/v2\/types\/post"}],"author":[{"embeddable":true,"href":"https:\/\/swissmig.unine.ch\/index.php?rest_route=\/wp\/v2\/users\/4"}],"replies":[{"embeddable":true,"href":"https:\/\/swissmig.unine.ch\/index.php?rest_route=%2Fwp%2Fv2%2Fcomments&post=34931"}],"version-history":[{"count":0,"href":"https:\/\/swissmig.unine.ch\/index.php?rest_route=\/wp\/v2\/posts\/34931\/revisions"}],"wp:attachment":[{"href":"https:\/\/swissmig.unine.ch\/index.php?rest_route=%2Fwp%2Fv2%2Fmedia&parent=34931"}],"wp:term":[{"taxonomy":"category","embeddable":true,"href":"https:\/\/swissmig.unine.ch\/index.php?rest_route=%2Fwp%2Fv2%2Fcategories&post=34931"},{"taxonomy":"post_tag","embeddable":true,"href":"https:\/\/swissmig.unine.ch\/index.php?rest_route=%2Fwp%2Fv2%2Ftags&post=34931"}],"curies":[{"name":"wp","href":"https:\/\/api.w.org\/{rel}","templated":true}]}}