{"id":34920,"date":"2022-10-03T08:00:00","date_gmt":"2022-10-03T07:00:00","guid":{"rendered":"https:\/\/swissmig.wordpress.com\/?p=34920"},"modified":"2022-10-03T08:00:00","modified_gmt":"2022-10-03T07:00:00","slug":"la-prise-en-charge-de-la-sante-mentale-des-requerants-dasile-mineurs-non-accompagnes-rmna-a-leur-arrivee-en-suisse-est-elle-bien-adaptee","status":"publish","type":"post","link":"https:\/\/swissmig.unine.ch\/?p=34920","title":{"rendered":"La prise en charge de la sant\u00e9 mentale des requ\u00e9rants d\u2019asile mineurs non accompagn\u00e9s (RMNA) \u00e0 leur arriv\u00e9e en Suisse est-elle bien adapt\u00e9e ?"},"content":{"rendered":"<h3>Author(s) : L. Baudraz<\/h3>\n<h3>Source : <a href=\"https:\/\/serval.unil.ch\/notice\/serval:BIB_87504F0EBE9E\" target=\"_blank\" rel=\"noopener\">https:\/\/serval.unil.ch\/notice\/serval:BIB_87504F0EBE9E<\/a><\/h3>\n<p><strong>Abstract: <\/strong><!--more--><\/p>\n<blockquote>\n<div id=\"Abs1-content\" class=\"c-article-section__content\">\n<p>&#8220;Objectifs : Le but de l\u2019\u00e9tude est de pr\u00e9ciser le statut de sant\u00e9 mentale des RMNA \u00e0 leur arriv\u00e9e en Europe, son \u00e9volution dans le temps et la prise en charge de ces jeunes en Europe ainsi qu\u2019en Suisse.<br \/>\nM\u00e9thodes : Il s\u2019agit d\u2019une revue de la litt\u00e9rature europ\u00e9enne des derni\u00e8res ann\u00e9es (2006-2020) associ\u00e9e \u00e0 une interview, sous forme d\u2019un entretien semi-structur\u00e9, avec le Dr. Sanchis pour d\u00e9crire la situation en Suisse, et plus pr\u00e9cis\u00e9ment, dans le canton de Vaud.<br \/>\nR\u00e9sultats : La litt\u00e9rature met en avant une vuln\u00e9rabilit\u00e9 cons\u00e9quente des RMNA relative \u00e0 leur \u00e9tat de sant\u00e9 mentale. Cette vuln\u00e9rabilit\u00e9 d\u00e9bute d\u00e9j\u00e0 en pr\u00e9- et p\u00e9ri-migratoire avec une exposition \u00e0 de nombreuses exp\u00e9riences traumatisantes. Ils sont sujets, principalement, \u00e0 des troubles relevant de l\u2019internalisation tels que le PTSD, la d\u00e9pression ou encore l\u2019anxi\u00e9t\u00e9. Toutefois, le Dr Sanchis met un accent sur le fait que les troubles de l\u2019externalisation tels que la violence ou l\u2019abus de substances doivent \u00eatre consid\u00e9r\u00e9s comme des manifestations de souffrance psychique. Une chronicit\u00e9, voire une augmentation, de ces troubles est observ\u00e9e dans les pays h\u00f4tes apr\u00e8s leur arriv\u00e9e. Les \u00e9tudes, tout comme le Dr Sanchis, s\u2019accordent \u00e0 dire qu\u2019il existe une balance entre de multiples facteurs de stress post-migratoires et la capacit\u00e9 de r\u00e9silience associ\u00e9e aux strat\u00e9gies de coping des jeunes. La prise en charge se doit de prendre en compte toutes ces entit\u00e9s afin d\u2019\u00eatre la plus optimale possible.<br \/>\nUne association entre psychoth\u00e9rapies et soutiens sociaux apport\u00e9s aux RMNA se d\u00e9gage aussi bien en Europe qu\u2019en Suisse. Un ensemble d\u2019outils th\u00e9rapeutiques doit \u00eatre propos\u00e9 aux jeunes afin de leur offrir un encadrement id\u00e9al. Leur int\u00e9gration par la scolarisation y joue notamment un r\u00f4le central.<br \/>\nConclusions : Un mod\u00e8le qui se veut multidisciplinaire, interinstitutionnel et pluriculturel ressort comme \u00e9tant le plus appropri\u00e9 afin de comprendre et d\u2019aider au mieux cette population vuln\u00e9rable en termes de sant\u00e9 mentale. Il doit se fonder sur la formation et la supervision de l\u2019ensemble des acteurs qui c\u00f4toient les jeunes, ainsi que sous forme de r\u00e9seaux, pour \u00eatre le plus adapt\u00e9.&#8221;<\/p>\n<p class=\"c-article__sub-heading\"><strong>Keywords<\/strong>: Requ\u00e9rants d&#8217;asile mineurs non accompagn\u00e9s, Sant\u00e9 mentale, Migration<\/p>\n<\/div>\n<\/blockquote>\n","protected":false},"excerpt":{"rendered":"<p>Author(s) : L. Baudraz Source : https:\/\/serval.unil.ch\/notice\/serval:BIB_87504F0EBE9E Abstract:<\/p>\n","protected":false},"author":4,"featured_media":0,"comment_status":"open","ping_status":"open","sticky":false,"template":"","format":"standard","meta":{"_kadence_starter_templates_imported_post":false,"_kad_post_transparent":"","_kad_post_title":"","_kad_post_layout":"","_kad_post_sidebar_id":"","_kad_post_content_style":"","_kad_post_vertical_padding":"","_kad_post_feature":"","_kad_post_feature_position":"","_kad_post_header":false,"_kad_post_footer":false,"_kad_post_classname":"","jetpack_post_was_ever_published":false,"_jetpack_newsletter_access":"","_jetpack_dont_email_post_to_subs":false,"_jetpack_newsletter_tier_id":0,"_jetpack_memberships_contains_paywalled_content":false,"_jetpack_memberships_contains_paid_content":false,"footnotes":""},"categories":[59,43],"tags":[654,58,52,154,276,319,185,325,177,188,90,117,91,470,64,262,370,144,118],"class_list":["post-34920","post","type-post","status-publish","format-standard","hentry","category-health","category-the-migration-phenomenon","tag-654","tag-europe","tag-french-language","tag-interviews","tag-literature-review","tag-master-thesis","tag-mental-health","tag-methodology","tag-psychological-well-being","tag-ptsd","tag-reception-policy","tag-school-integration","tag-social-integration","tag-trauma","tag-unaccompanied-minors","tag-undocumented-immigrants","tag-vaud","tag-vulnerability","tag-youth"],"jetpack_featured_media_url":"","jetpack_sharing_enabled":true,"_links":{"self":[{"href":"https:\/\/swissmig.unine.ch\/index.php?rest_route=\/wp\/v2\/posts\/34920","targetHints":{"allow":["GET"]}}],"collection":[{"href":"https:\/\/swissmig.unine.ch\/index.php?rest_route=\/wp\/v2\/posts"}],"about":[{"href":"https:\/\/swissmig.unine.ch\/index.php?rest_route=\/wp\/v2\/types\/post"}],"author":[{"embeddable":true,"href":"https:\/\/swissmig.unine.ch\/index.php?rest_route=\/wp\/v2\/users\/4"}],"replies":[{"embeddable":true,"href":"https:\/\/swissmig.unine.ch\/index.php?rest_route=%2Fwp%2Fv2%2Fcomments&post=34920"}],"version-history":[{"count":0,"href":"https:\/\/swissmig.unine.ch\/index.php?rest_route=\/wp\/v2\/posts\/34920\/revisions"}],"wp:attachment":[{"href":"https:\/\/swissmig.unine.ch\/index.php?rest_route=%2Fwp%2Fv2%2Fmedia&parent=34920"}],"wp:term":[{"taxonomy":"category","embeddable":true,"href":"https:\/\/swissmig.unine.ch\/index.php?rest_route=%2Fwp%2Fv2%2Fcategories&post=34920"},{"taxonomy":"post_tag","embeddable":true,"href":"https:\/\/swissmig.unine.ch\/index.php?rest_route=%2Fwp%2Fv2%2Ftags&post=34920"}],"curies":[{"name":"wp","href":"https:\/\/api.w.org\/{rel}","templated":true}]}}