{"id":34897,"date":"2022-09-19T08:00:00","date_gmt":"2022-09-19T07:00:00","guid":{"rendered":"https:\/\/swissmig.wordpress.com\/?p=34897"},"modified":"2022-09-19T08:00:00","modified_gmt":"2022-09-19T07:00:00","slug":"le-statut-de-protection-s-en-suisse-des-personnes-fuyant-la-guerre-en-ukraine","status":"publish","type":"post","link":"https:\/\/swissmig.unine.ch\/?p=34897","title":{"rendered":"Le statut de protection S en Suisse des personnes fuyant la guerre en Ukraine"},"content":{"rendered":"<h3>Author(s) : L\u00e9a Hemmi, Angela Hefti<\/h3>\n<h3>Source : <a href=\"https:\/\/anwaltsrevue.recht.ch\/de\/artikel\/02arv0422the\/le-statut-de-protection-s-en-suisse-des-personnes-fuyant-la-guerre-en-ukraine\">https:\/\/anwaltsrevue.recht.ch\/de\/artikel\/02arv0422the\/le-statut-de-protection-s-en-suisse-des-personnes-fuyant-la-guerre-en-ukraine<\/a><\/h3>\n<p><strong>Abstract: <\/strong><!--more--><\/p>\n<blockquote><p>&#8220;La pr\u00e9sente contribution propose des premi\u00e8res r\u00e9flexions concernant le m\u00e9canisme de protection temporaire S<a id=\"footnote-1-marker\" class=\"footnote-reference\" href=\"https:\/\/anwaltsrevue.recht.ch\/de\/artikel\/02arv0422the\/le-statut-de-protection-s-en-suisse-des-personnes-fuyant-la-guerre-en-ukraine#footnote-1\"><sup>1<\/sup><\/a>, existant depuis 1999, mais activ\u00e9 pour la premi\u00e8re fois en Suisse en mars 2022 pour les personnes fuyant l\u2019Ukraine. Afin de mesurer son efficacit\u00e9 \u00e0 ce jour, la protection S sera abord\u00e9e sous ses diff\u00e9rents angles (fondement, port\u00e9e, proc\u00e9dure et statuts alternatifs). La contribution apporte un \u00e9clairage sur le groupe de personnes prot\u00e9g\u00e9es et pr\u00e9cise les d\u00e9fis qui pourront \u00eatre rencontr\u00e9s pour faire reconna\u00eetre son appartenance \u00e0 ce groupe, notamment en termes de preuves. Elle met aussi en perspective les distinctions entre le statut S, l\u2019asile, l\u2019admission provisoire et l\u2019autorisation de s\u00e9jour ordinaire avant de conclure sur les avantages qu\u2019offre ce nouvel instrument juridique. &#8221;<\/p>\n<section class=\"item keywords\">\n<p class=\"label\"><strong>Keywords<\/strong>:\u00a0guerre en Ukraine, droit d\u2019asile, r\u00e9fugi\u00e9s, statut de protection S, admission provisoire<\/p>\n<\/section>\n<\/blockquote>\n","protected":false},"excerpt":{"rendered":"<p>Author(s) : L\u00e9a Hemmi, Angela Hefti Source : https:\/\/anwaltsrevue.recht.ch\/de\/artikel\/02arv0422the\/le-statut-de-protection-s-en-suisse-des-personnes-fuyant-la-guerre-en-ukraine Abstract:<\/p>\n","protected":false},"author":4,"featured_media":0,"comment_status":"open","ping_status":"open","sticky":false,"template":"","format":"standard","meta":{"_kadence_starter_templates_imported_post":false,"_kad_post_transparent":"","_kad_post_title":"","_kad_post_layout":"","_kad_post_sidebar_id":"","_kad_post_content_style":"","_kad_post_vertical_padding":"","_kad_post_feature":"","_kad_post_feature_position":"","_kad_post_header":false,"_kad_post_footer":false,"_kad_post_classname":"","jetpack_post_was_ever_published":false,"_jetpack_newsletter_access":"","_jetpack_dont_email_post_to_subs":false,"_jetpack_newsletter_tier_id":0,"_jetpack_memberships_contains_paywalled_content":false,"_jetpack_memberships_contains_paid_content":false,"footnotes":""},"categories":[53],"tags":[722,7,111,49,112,52,609,719,166,402,647],"class_list":["post-34897","post","type-post","status-publish","format-standard","hentry","category-law","tag-722","tag-article","tag-asylum-applications","tag-asylum-policy","tag-asylum-procedure","tag-french-language","tag-geneva-convention","tag-refugee-law","tag-residence-permits","tag-temporary-admission","tag-ukrainians"],"jetpack_featured_media_url":"","jetpack_sharing_enabled":true,"_links":{"self":[{"href":"https:\/\/swissmig.unine.ch\/index.php?rest_route=\/wp\/v2\/posts\/34897","targetHints":{"allow":["GET"]}}],"collection":[{"href":"https:\/\/swissmig.unine.ch\/index.php?rest_route=\/wp\/v2\/posts"}],"about":[{"href":"https:\/\/swissmig.unine.ch\/index.php?rest_route=\/wp\/v2\/types\/post"}],"author":[{"embeddable":true,"href":"https:\/\/swissmig.unine.ch\/index.php?rest_route=\/wp\/v2\/users\/4"}],"replies":[{"embeddable":true,"href":"https:\/\/swissmig.unine.ch\/index.php?rest_route=%2Fwp%2Fv2%2Fcomments&post=34897"}],"version-history":[{"count":0,"href":"https:\/\/swissmig.unine.ch\/index.php?rest_route=\/wp\/v2\/posts\/34897\/revisions"}],"wp:attachment":[{"href":"https:\/\/swissmig.unine.ch\/index.php?rest_route=%2Fwp%2Fv2%2Fmedia&parent=34897"}],"wp:term":[{"taxonomy":"category","embeddable":true,"href":"https:\/\/swissmig.unine.ch\/index.php?rest_route=%2Fwp%2Fv2%2Fcategories&post=34897"},{"taxonomy":"post_tag","embeddable":true,"href":"https:\/\/swissmig.unine.ch\/index.php?rest_route=%2Fwp%2Fv2%2Ftags&post=34897"}],"curies":[{"name":"wp","href":"https:\/\/api.w.org\/{rel}","templated":true}]}}