{"id":34882,"date":"2022-09-12T08:00:00","date_gmt":"2022-09-12T07:00:00","guid":{"rendered":"https:\/\/swissmig.wordpress.com\/?p=34882"},"modified":"2022-09-12T08:00:00","modified_gmt":"2022-09-12T07:00:00","slug":"rompre-le-ramadan-au-centre-ville","status":"publish","type":"post","link":"https:\/\/swissmig.unine.ch\/?p=34882","title":{"rendered":"Rompre le ramadan au centre-ville"},"content":{"rendered":"<h3>Author(s) : Federico Biasca, Guillaume Chatagny<\/h3>\n<h3>Source : <a href=\"https:\/\/doi.org\/10.4000\/teth.4162\" target=\"_blank\" rel=\"noopener\">https:\/\/doi.org\/10.4000\/teth.4162<\/a><\/h3>\n<p><strong>Abstract: <\/strong><!--more--><\/p>\n<blockquote><p>&#8220;Cet article pr\u00e9sente, d\u00e9crit et analyse une rupture du je\u00fbne organis\u00e9e dans l\u2019espace public par une association locale de jeunes musulmans en Suisse romande. Les auteurs examinent les signes ou traits par lesquels l\u2019association s\u2019est pr\u00e9sent\u00e9e elle-m\u00eame et a d\u00e9sign\u00e9 les musulmans. Apr\u00e8s la description de la place o\u00f9 la manifestation s\u2019est tenue en se concentrant sur son am\u00e9nagement et ses \u00e9quipements, les auteurs rel\u00e8vent que les formes de l\u2019\u00e9v\u00e9nement se rapprochent davantage d\u2019une f\u00eate populaire que religieuse. Ensuite, les auteurs analysent des discours prononc\u00e9s en ouverture de l\u2019\u00e9v\u00e9nement. Ils remarquent que les traits religieux y sont relativement peu m\u00e9diatis\u00e9s par les acteurs musulmans et ce, pour mettre en avant l\u2019image du musulman comme citoyen ordinaire. En conclusion, les auteurs proposent une r\u00e9flexion sur les enjeux de visibilit\u00e9 et de reconnaissance relatifs aux communaut\u00e9s musulmanes dans le contexte suisse.&#8221;<\/p>\n<p><strong>Mots-cl\u00e9s<\/strong> : Islam en Suisse \u2013 Espace public \u2013 Reconnaissance \u2013 Visibilit\u00e9<\/p>\n<p>&#8220;<span lang=\"en\" xml:lang=\"en\">This article presents, describes, and analyses an event for breaking the fast organized in the public sphere by a local association of young Muslims in the French-speaking part of Switzerland. The authors examine the signs and features by which the association presented itself and the Muslim population. After a description of the square, focusing on its configuration and equipment, the authors note that the forms more closely resemble a folk than a religious event. The authors then analyze the speeches that were held at the opening of the event. They note that the religious features were relatively little mediatized by the Muslim actors. Instead, it is the image of the Muslim as an ordinary citizen that is stressed. In conclusion, the authors propose a reflection on the issues of visibility and recognition related to Muslim communities in the Swiss context.<\/span>&#8221;<\/p>\n<p><strong>Keywords<\/strong>: Islam in Switzerland \u2013 Public sphere \u2013 Recognition \u2013 Visibility<\/p><\/blockquote>\n","protected":false},"excerpt":{"rendered":"<p>Author(s) : Federico Biasca, Guillaume Chatagny Source : https:\/\/doi.org\/10.4000\/teth.4162 Abstract:<\/p>\n","protected":false},"author":4,"featured_media":0,"comment_status":"open","ping_status":"open","sticky":false,"template":"","format":"standard","meta":{"_kadence_starter_templates_imported_post":false,"_kad_post_transparent":"","_kad_post_title":"","_kad_post_layout":"","_kad_post_sidebar_id":"","_kad_post_content_style":"","_kad_post_vertical_padding":"","_kad_post_feature":"","_kad_post_feature_position":"","_kad_post_header":false,"_kad_post_footer":false,"_kad_post_classname":"","jetpack_post_was_ever_published":false,"_jetpack_newsletter_access":"","_jetpack_dont_email_post_to_subs":false,"_jetpack_newsletter_tier_id":0,"_jetpack_memberships_contains_paywalled_content":false,"_jetpack_memberships_contains_paid_content":false,"footnotes":""},"categories":[167],"tags":[722,7,70,483,52,115,116,692,168,91,376],"class_list":["post-34882","post","type-post","status-publish","format-standard","hentry","category-ethnicity-languages-religion-arts","tag-722","tag-article","tag-citizenship","tag-communities","tag-french-language","tag-mass-media","tag-muslims","tag-public-policy","tag-religious-practice","tag-social-integration","tag-urban-areas"],"jetpack_featured_media_url":"","jetpack_sharing_enabled":true,"_links":{"self":[{"href":"https:\/\/swissmig.unine.ch\/index.php?rest_route=\/wp\/v2\/posts\/34882","targetHints":{"allow":["GET"]}}],"collection":[{"href":"https:\/\/swissmig.unine.ch\/index.php?rest_route=\/wp\/v2\/posts"}],"about":[{"href":"https:\/\/swissmig.unine.ch\/index.php?rest_route=\/wp\/v2\/types\/post"}],"author":[{"embeddable":true,"href":"https:\/\/swissmig.unine.ch\/index.php?rest_route=\/wp\/v2\/users\/4"}],"replies":[{"embeddable":true,"href":"https:\/\/swissmig.unine.ch\/index.php?rest_route=%2Fwp%2Fv2%2Fcomments&post=34882"}],"version-history":[{"count":0,"href":"https:\/\/swissmig.unine.ch\/index.php?rest_route=\/wp\/v2\/posts\/34882\/revisions"}],"wp:attachment":[{"href":"https:\/\/swissmig.unine.ch\/index.php?rest_route=%2Fwp%2Fv2%2Fmedia&parent=34882"}],"wp:term":[{"taxonomy":"category","embeddable":true,"href":"https:\/\/swissmig.unine.ch\/index.php?rest_route=%2Fwp%2Fv2%2Fcategories&post=34882"},{"taxonomy":"post_tag","embeddable":true,"href":"https:\/\/swissmig.unine.ch\/index.php?rest_route=%2Fwp%2Fv2%2Ftags&post=34882"}],"curies":[{"name":"wp","href":"https:\/\/api.w.org\/{rel}","templated":true}]}}