{"id":3486,"date":"2020-02-03T09:00:54","date_gmt":"2020-02-03T08:00:54","guid":{"rendered":"https:\/\/swissmig.wordpress.com\/?p=3486"},"modified":"2020-02-03T09:00:54","modified_gmt":"2020-02-03T08:00:54","slug":"leconomie-informelle-une-ressource-pour-les-requerants-dasile-deboutes","status":"publish","type":"post","link":"https:\/\/swissmig.unine.ch\/?p=3486","title":{"rendered":"L&#8217;\u00e9conomie informelle, une ressource pour les requ\u00e9rants d&#8217;asile d\u00e9bout\u00e9s?"},"content":{"rendered":"<h3>Author(s) : <span class=\"nompers\">R\u00e9gis Blanc<br \/>\n<\/span><\/h3>\n<h3>Source : <a href=\"https:\/\/serval.unil.ch\/notice\/serval:BIB_S_000000020496\" target=\"_blank\" rel=\"noopener\">https:\/\/serval.unil.ch\/notice\/serval:BIB_S_000000020496<\/a><\/h3>\n<p><strong>Abstract: <\/strong><!--more--><\/p>\n<blockquote><p>&#8220;Dans cette recherche, il est question de discuter de deux th\u00e9matiques allant souvent de pair ou, du moins, fr\u00e9quemment associ\u00e9es, \u00e0 savoir la migration et l&#8217;\u00e9conomie. Nombreuses sont les recherches relatives au ph\u00e9nom\u00e8ne migratoire comme partie prenante des pays d&#8217;accueil et cons\u00e9quente est la place qu&#8217;occupe la migration en g\u00e9n\u00e9ral dans le discours m\u00e9diatique et politique en Suisse. Rares sont les ann\u00e9es o\u00f9 les citoyens suisses ne sont pas invit\u00e9s \u00e0 se rendre aux urnes afin d&#8217;\u00e9mettre leur avis sur la migration. Ph\u00e9nom\u00e8ne per\u00e7u, selon les diff\u00e9rentes parties, comme moteur de l&#8217;\u00e9conomie, comme menace \u00e0 la souverainet\u00e9 et \u00e0 la coh\u00e9sion nationale ou comme b\u00e9n\u00e9fice \u00e0 la soci\u00e9t\u00e9 dans son ensemble par sa diversit\u00e9 culturelle; nombreuses sont les images v\u00e9hicul\u00e9es par ce ph\u00e9nom\u00e8ne.&#8221;<\/p><\/blockquote>\n","protected":false},"excerpt":{"rendered":"<p>Author(s) : R\u00e9gis Blanc Source : https:\/\/serval.unil.ch\/notice\/serval:BIB_S_000000020496 Abstract:<\/p>\n","protected":false},"author":4,"featured_media":0,"comment_status":"open","ping_status":"open","sticky":false,"template":"","format":"standard","meta":{"_kadence_starter_templates_imported_post":false,"_kad_post_transparent":"","_kad_post_title":"","_kad_post_layout":"","_kad_post_sidebar_id":"","_kad_post_content_style":"","_kad_post_vertical_padding":"","_kad_post_feature":"","_kad_post_feature_position":"","_kad_post_header":false,"_kad_post_footer":false,"_kad_post_classname":"","jetpack_post_was_ever_published":false,"_jetpack_newsletter_access":"","_jetpack_dont_email_post_to_subs":false,"_jetpack_newsletter_tier_id":0,"_jetpack_memberships_contains_paywalled_content":false,"_jetpack_memberships_contains_paid_content":false,"footnotes":""},"categories":[16],"tags":[6,362,49,50,37,15,176,164,52,319,464,91,370,158],"class_list":["post-3486","post","type-post","status-publish","format-standard","hentry","category-economics","tag-6","tag-access-to-employment","tag-asylum-policy","tag-asylum-seekers","tag-attitudes-towards-migrants","tag-economic-impact","tag-economic-integration","tag-exclusion","tag-french-language","tag-master-thesis","tag-nem-nee","tag-social-integration","tag-vaud","tag-working-conditions"],"jetpack_featured_media_url":"","jetpack_sharing_enabled":true,"_links":{"self":[{"href":"https:\/\/swissmig.unine.ch\/index.php?rest_route=\/wp\/v2\/posts\/3486","targetHints":{"allow":["GET"]}}],"collection":[{"href":"https:\/\/swissmig.unine.ch\/index.php?rest_route=\/wp\/v2\/posts"}],"about":[{"href":"https:\/\/swissmig.unine.ch\/index.php?rest_route=\/wp\/v2\/types\/post"}],"author":[{"embeddable":true,"href":"https:\/\/swissmig.unine.ch\/index.php?rest_route=\/wp\/v2\/users\/4"}],"replies":[{"embeddable":true,"href":"https:\/\/swissmig.unine.ch\/index.php?rest_route=%2Fwp%2Fv2%2Fcomments&post=3486"}],"version-history":[{"count":0,"href":"https:\/\/swissmig.unine.ch\/index.php?rest_route=\/wp\/v2\/posts\/3486\/revisions"}],"wp:attachment":[{"href":"https:\/\/swissmig.unine.ch\/index.php?rest_route=%2Fwp%2Fv2%2Fmedia&parent=3486"}],"wp:term":[{"taxonomy":"category","embeddable":true,"href":"https:\/\/swissmig.unine.ch\/index.php?rest_route=%2Fwp%2Fv2%2Fcategories&post=3486"},{"taxonomy":"post_tag","embeddable":true,"href":"https:\/\/swissmig.unine.ch\/index.php?rest_route=%2Fwp%2Fv2%2Ftags&post=3486"}],"curies":[{"name":"wp","href":"https:\/\/api.w.org\/{rel}","templated":true}]}}