{"id":34848,"date":"2022-08-29T08:00:00","date_gmt":"2022-08-29T07:00:00","guid":{"rendered":"https:\/\/swissmig.wordpress.com\/?p=34848"},"modified":"2022-08-29T08:00:00","modified_gmt":"2022-08-29T07:00:00","slug":"un-doing-race-rassifizierung-in-der-schweiz","status":"publish","type":"post","link":"https:\/\/swissmig.unine.ch\/?p=34848","title":{"rendered":"Un\/doing race: Rassifizierung in der Schweiz"},"content":{"rendered":"<h3>Author(s) : Jovita Dos Santos Pinto, Pamela Ohene-Nyako, M\u00e9lanie-Evely P\u00e9tr\u00e9mont, Anne Lavanchy, Barbara L\u00fcthi, Patricia Purtschert, Damir Skenderovic<\/h3>\n<h3>Source : <a href=\"https:\/\/www.seismoverlag.ch\/de\/daten\/un-doing-race\/\">https:\/\/www.seismoverlag.ch\/de\/daten\/un-doing-race\/<\/a><\/h3>\n<h3>Source : <a href=\"https:\/\/www.seismoverlag.ch\/site\/assets\/files\/18046\/oa_9783037778197.pdf\" target=\"_blank\" rel=\"noopener\">https:\/\/www.seismoverlag.ch\/site\/assets\/files\/18046\/oa_9783037778197.pdf<\/a><\/h3>\n<p><!--more--><\/p>\n<blockquote>\n<p id=\"sp0050\">&#8220;Welche Bedeutung haben Race, Rassifizierungen und Rassismus in der Schweiz und wie h\u00e4ngen sie mit dem kolonialen Erbe der Schweiz zusammen? Wie hat sich der Umgang mit Rassismus historisch ver\u00e4ndert? Welche Rolle spielt dabei der antirassistische Aktivismus, gerade auch von Schwarzen Menschen und People of Color? Anhand der Er\u00f6rterung solcher Fragen zeigt der Band auf, wie Rassismus in den Strukturen moderner Gesellschaften verwurzelt ist. Wie die Beitr\u00e4ge verdeutlichen, sind auch f\u00fcr die Schweiz struktureller und Alltagsrassismus in verschiedensten gesellschaftlichen Bereichen festzustellen. Zum einen bietet der vorliegende Band Begrifflichkeiten und Ans\u00e4tze an, um Prozesse und Mechanismen der Rassifizierung zu erfassen. Zum anderen tr\u00e4gt er zum Austausch und zur Zirkulation von Wissen bei, um rassifizierte Ordnungen untersuchen zu k\u00f6nnen. Das Buch schafft somit Grundlagen f\u00fcr eine kritische wissenschaftliche Reflexion \u00fcber Rassismus und die Verwendung der Analysekategorie Race in der Schweiz.&#8221;<\/p>\n<\/blockquote>\n\n\n<p><\/p>\n","protected":false},"excerpt":{"rendered":"<p>Author(s) : Jovita Dos Santos Pinto, Pamela Ohene-Nyako, M\u00e9lanie-Evely P\u00e9tr\u00e9mont,&#8230;<\/p>\n","protected":false},"author":4,"featured_media":0,"comment_status":"open","ping_status":"open","sticky":false,"template":"","format":"standard","meta":{"_kadence_starter_templates_imported_post":false,"_kad_post_transparent":"","_kad_post_title":"","_kad_post_layout":"","_kad_post_sidebar_id":"","_kad_post_content_style":"","_kad_post_vertical_padding":"","_kad_post_feature":"","_kad_post_feature_position":"","_kad_post_header":false,"_kad_post_footer":false,"_kad_post_classname":"","jetpack_post_was_ever_published":false,"_jetpack_newsletter_access":"","_jetpack_dont_email_post_to_subs":false,"_jetpack_newsletter_tier_id":0,"_jetpack_memberships_contains_paywalled_content":false,"_jetpack_memberships_contains_paid_content":false,"footnotes":""},"categories":[24],"tags":[722,699,562,545,82,73,87,711,629,334,125,621],"class_list":["post-34848","post","type-post","status-publish","format-standard","hentry","category-society-family-racism","tag-722","tag-anti-racist-education","tag-book","tag-colonialism","tag-ethnic-discrimination","tag-german-language","tag-history","tag-race","tag-racialization","tag-racism","tag-social-capital","tag-street-level-bureaucracy"],"jetpack_featured_media_url":"","jetpack_sharing_enabled":true,"_links":{"self":[{"href":"https:\/\/swissmig.unine.ch\/index.php?rest_route=\/wp\/v2\/posts\/34848","targetHints":{"allow":["GET"]}}],"collection":[{"href":"https:\/\/swissmig.unine.ch\/index.php?rest_route=\/wp\/v2\/posts"}],"about":[{"href":"https:\/\/swissmig.unine.ch\/index.php?rest_route=\/wp\/v2\/types\/post"}],"author":[{"embeddable":true,"href":"https:\/\/swissmig.unine.ch\/index.php?rest_route=\/wp\/v2\/users\/4"}],"replies":[{"embeddable":true,"href":"https:\/\/swissmig.unine.ch\/index.php?rest_route=%2Fwp%2Fv2%2Fcomments&post=34848"}],"version-history":[{"count":0,"href":"https:\/\/swissmig.unine.ch\/index.php?rest_route=\/wp\/v2\/posts\/34848\/revisions"}],"wp:attachment":[{"href":"https:\/\/swissmig.unine.ch\/index.php?rest_route=%2Fwp%2Fv2%2Fmedia&parent=34848"}],"wp:term":[{"taxonomy":"category","embeddable":true,"href":"https:\/\/swissmig.unine.ch\/index.php?rest_route=%2Fwp%2Fv2%2Fcategories&post=34848"},{"taxonomy":"post_tag","embeddable":true,"href":"https:\/\/swissmig.unine.ch\/index.php?rest_route=%2Fwp%2Fv2%2Ftags&post=34848"}],"curies":[{"name":"wp","href":"https:\/\/api.w.org\/{rel}","templated":true}]}}