{"id":34846,"date":"2022-08-29T08:00:00","date_gmt":"2022-08-29T07:00:00","guid":{"rendered":"https:\/\/swissmig.wordpress.com\/?p=34846"},"modified":"2022-08-29T08:00:00","modified_gmt":"2022-08-29T07:00:00","slug":"un-doing-race-racialisation-en-suisse","status":"publish","type":"post","link":"https:\/\/swissmig.unine.ch\/?p=34846","title":{"rendered":"Un\/Doing Race: racialisation en Suisse"},"content":{"rendered":"<h3>Author(s) : Jovita Dos Santos Pinto, Pamela Ohene-Nyako, M\u00e9lanie-Evely P\u00e9tr\u00e9mont, Anne Lavanchy, Barbara L\u00fcthi, Patricia Purtschert, Damir Skenderovic<\/h3>\n<h3>Source : <a href=\"https:\/\/www.seismoverlag.ch\/fr\/daten\/un-doing-race-f\/\">https:\/\/www.seismoverlag.ch\/fr\/daten\/un-doing-race-f\/<\/a><\/h3>\n<h3>Source : <a href=\"https:\/\/www.seismoverlag.ch\/site\/assets\/files\/18049\/oa_9782883517455.pdf\" target=\"_blank\" rel=\"noopener\">https:\/\/www.seismoverlag.ch\/site\/assets\/files\/18049\/oa_9782883517455.pdf<\/a><\/h3>\n<p><!--more--><\/p>\n<blockquote>\n<p id=\"sp0050\">&#8220;Quelles sont les significations de la race, de la racialisation et du racisme en Suisse ? Comment les ph\u00e9nom\u00e8nes de racisme et de racialisation sont-ils li\u00e9s \u00e0 son h\u00e9ritage colonial ? Comment le traitement du racisme a-t-il \u00e9volu\u00e9 au cours de l&#8217;histoire ? Quel est le r\u00f4le du militantisme antiraciste, en particulier celui des personnes noires et racis\u00e9es ? En abordant ces questions, l&#8217;ouvrage montre comment le racisme est enracin\u00e9 dans les structures des soci\u00e9t\u00e9s modernes. Comme le font ressortir les contributions, le racisme structurel et quotidien est \u00e9galement pr\u00e9sent en Suisse, dans les domaines sociaux les plus divers. L&#8217;ouvrage propose, d&#8217;une part, des concepts et des approches permettant de saisir les processus et les m\u00e9canismes de racialisation. Il vise, d&#8217;autre part, \u00e0 favoriser l\u2019\u00e9change et \u00e0 la circulation des connaissances pour examiner les r\u00e9gimes de racialisation. L&#8217;ouvrage jette ainsi les bases d&#8217;une r\u00e9flexion scientifique critique en Suisse sur le racisme et l&#8217;utilisation des concepts analytiques li\u00e9s \u00e0 la race.&#8221;<\/p>\n<\/blockquote>\n\n\n<p><\/p>\n","protected":false},"excerpt":{"rendered":"<p>Author(s) : Jovita Dos Santos Pinto, Pamela Ohene-Nyako, M\u00e9lanie-Evely P\u00e9tr\u00e9mont,&#8230;<\/p>\n","protected":false},"author":4,"featured_media":0,"comment_status":"open","ping_status":"open","sticky":false,"template":"","format":"standard","meta":{"_kadence_starter_templates_imported_post":false,"_kad_post_transparent":"","_kad_post_title":"","_kad_post_layout":"","_kad_post_sidebar_id":"","_kad_post_content_style":"","_kad_post_vertical_padding":"","_kad_post_feature":"","_kad_post_feature_position":"","_kad_post_header":false,"_kad_post_footer":false,"_kad_post_classname":"","jetpack_post_was_ever_published":false,"_jetpack_newsletter_access":"","_jetpack_dont_email_post_to_subs":false,"_jetpack_newsletter_tier_id":0,"_jetpack_memberships_contains_paywalled_content":false,"_jetpack_memberships_contains_paid_content":false,"footnotes":""},"categories":[24],"tags":[722,699,562,545,82,52,87,711,629,334,125,621],"class_list":["post-34846","post","type-post","status-publish","format-standard","hentry","category-society-family-racism","tag-722","tag-anti-racist-education","tag-book","tag-colonialism","tag-ethnic-discrimination","tag-french-language","tag-history","tag-race","tag-racialization","tag-racism","tag-social-capital","tag-street-level-bureaucracy"],"jetpack_featured_media_url":"","jetpack_sharing_enabled":true,"_links":{"self":[{"href":"https:\/\/swissmig.unine.ch\/index.php?rest_route=\/wp\/v2\/posts\/34846","targetHints":{"allow":["GET"]}}],"collection":[{"href":"https:\/\/swissmig.unine.ch\/index.php?rest_route=\/wp\/v2\/posts"}],"about":[{"href":"https:\/\/swissmig.unine.ch\/index.php?rest_route=\/wp\/v2\/types\/post"}],"author":[{"embeddable":true,"href":"https:\/\/swissmig.unine.ch\/index.php?rest_route=\/wp\/v2\/users\/4"}],"replies":[{"embeddable":true,"href":"https:\/\/swissmig.unine.ch\/index.php?rest_route=%2Fwp%2Fv2%2Fcomments&post=34846"}],"version-history":[{"count":0,"href":"https:\/\/swissmig.unine.ch\/index.php?rest_route=\/wp\/v2\/posts\/34846\/revisions"}],"wp:attachment":[{"href":"https:\/\/swissmig.unine.ch\/index.php?rest_route=%2Fwp%2Fv2%2Fmedia&parent=34846"}],"wp:term":[{"taxonomy":"category","embeddable":true,"href":"https:\/\/swissmig.unine.ch\/index.php?rest_route=%2Fwp%2Fv2%2Fcategories&post=34846"},{"taxonomy":"post_tag","embeddable":true,"href":"https:\/\/swissmig.unine.ch\/index.php?rest_route=%2Fwp%2Fv2%2Ftags&post=34846"}],"curies":[{"name":"wp","href":"https:\/\/api.w.org\/{rel}","templated":true}]}}