{"id":34820,"date":"2022-08-22T08:00:00","date_gmt":"2022-08-22T07:00:00","guid":{"rendered":"https:\/\/swissmig.wordpress.com\/?p=34820"},"modified":"2022-08-22T08:00:00","modified_gmt":"2022-08-22T07:00:00","slug":"zwischen-verbannung-und-heimat-zum-kulturellen-selbstfindungsprozess-bei-in-der-schweiz-lebenden-zugewanderten-am-beispiel-franco-supinos-erzahltextes-musica-leggera","status":"publish","type":"post","link":"https:\/\/swissmig.unine.ch\/?p=34820","title":{"rendered":"Zwischen Verbannung und Heimat. Zum kulturellen Selbstfindungsprozess bei in der Schweiz lebenden Zugewanderten am Beispiel Franco Supinos Erz\u00e4hltextes &#8220;Musica Leggera&#8221;"},"content":{"rendered":"<h3>Author(s) : Adam Sobek<\/h3>\n<h3>Source : <a href=\"https:\/\/wnus.edu.pl\/cgs\/de\/issue\/1200\/article\/18965\/\" target=\"_blank\" rel=\"noopener\">https:\/\/wnus.edu.pl\/cgs\/de\/issue\/1200\/article\/18965\/<\/a><\/h3>\n<p><!--more--><\/p>\n<blockquote>\n<p>&#8220;<\/p>\n<div class=\"panel-body\">Anfang der 1990er-Jahre kam eine beachtliche Anzahl junger Schriftsteller mit Migrationshintergrund zum Vorschein, die in der multikulturellen Schweiz entweder auf Deutsch oder Franz\u00f6sisch mit literarischem Schreiben begannen. Eine besondere Stellung nimmt unter ihnen Franco Supino (geb. 1965) ein, der mit seinem Deb\u00fctwerk &#8220;Musica Leggera&#8221; (1995) einen neuen Trend in der deutschsprachigen Schweizer Literatur best\u00e4tigte. Die neue Tendenz besteht in der literarischen Schilderung der kulturellen und ethno-nationalen Identit\u00e4tsproblematik sowohl der Migrantengeneration als auch deren bereits in der Schweiz geborener Kinder. In dem Beitrag wird am Beispiel des Werkes von Franco Supino die literarische Darstellung der Zugeh\u00f6rigkeitsgef\u00fchle und der identit\u00e4tsstiftenden Erinnerungen an vergangene Momente besprochen, wie sie sich zwischen der ersten und der zweiten Generation der in der Schweiz lebenden Zugewanderten gestalten, wobei der Schwerpunkt der Analyse auf die Vertreter der zweiten, als \u201aSecondos\u2018 bezeichneten Generation gelegt wird, die zwischen der traditionell italienischen Kultur der Eltern und der modernen Schweizer Kultur der 1980er-Jahre ihren Weg zur Identit\u00e4tsfindung finden m\u00fcssen.&#8221;<\/div>\n<p><strong>Schl\u00fcsselw\u00f6rter<\/strong>: Secondos, Identit\u00e4t, Ged\u00e4chtnis, Migrationshintergrund, Raumerfahrung<\/p>\n<\/blockquote>\n\n\n<p><\/p>\n","protected":false},"excerpt":{"rendered":"<p>Author(s) : Adam Sobek Source : https:\/\/wnus.edu.pl\/cgs\/de\/issue\/1200\/article\/18965\/<\/p>\n","protected":false},"author":4,"featured_media":0,"comment_status":"open","ping_status":"open","sticky":false,"template":"","format":"standard","meta":{"_kadence_starter_templates_imported_post":false,"_kad_post_transparent":"","_kad_post_title":"","_kad_post_layout":"","_kad_post_sidebar_id":"","_kad_post_content_style":"","_kad_post_vertical_padding":"","_kad_post_feature":"","_kad_post_feature_position":"","_kad_post_header":false,"_kad_post_footer":false,"_kad_post_classname":"","jetpack_post_was_ever_published":false,"_jetpack_newsletter_access":"","_jetpack_dont_email_post_to_subs":false,"_jetpack_newsletter_tier_id":0,"_jetpack_memberships_contains_paywalled_content":false,"_jetpack_memberships_contains_paid_content":false,"footnotes":""},"categories":[167],"tags":[693,7,404,281,151,259,73,87,280,175,122,180,205,103,145,91,118],"class_list":["post-34820","post","type-post","status-publish","format-standard","hentry","category-ethnicity-languages-religion-arts","tag-693","tag-article","tag-arts","tag-belonging","tag-cultural-identity","tag-ethnicity","tag-german-language","tag-history","tag-immigration-background","tag-italians","tag-migrants","tag-multiculturalism","tag-national-identity","tag-refugees","tag-second-generation","tag-social-integration","tag-youth"],"jetpack_featured_media_url":"","jetpack_sharing_enabled":true,"_links":{"self":[{"href":"https:\/\/swissmig.unine.ch\/index.php?rest_route=\/wp\/v2\/posts\/34820","targetHints":{"allow":["GET"]}}],"collection":[{"href":"https:\/\/swissmig.unine.ch\/index.php?rest_route=\/wp\/v2\/posts"}],"about":[{"href":"https:\/\/swissmig.unine.ch\/index.php?rest_route=\/wp\/v2\/types\/post"}],"author":[{"embeddable":true,"href":"https:\/\/swissmig.unine.ch\/index.php?rest_route=\/wp\/v2\/users\/4"}],"replies":[{"embeddable":true,"href":"https:\/\/swissmig.unine.ch\/index.php?rest_route=%2Fwp%2Fv2%2Fcomments&post=34820"}],"version-history":[{"count":0,"href":"https:\/\/swissmig.unine.ch\/index.php?rest_route=\/wp\/v2\/posts\/34820\/revisions"}],"wp:attachment":[{"href":"https:\/\/swissmig.unine.ch\/index.php?rest_route=%2Fwp%2Fv2%2Fmedia&parent=34820"}],"wp:term":[{"taxonomy":"category","embeddable":true,"href":"https:\/\/swissmig.unine.ch\/index.php?rest_route=%2Fwp%2Fv2%2Fcategories&post=34820"},{"taxonomy":"post_tag","embeddable":true,"href":"https:\/\/swissmig.unine.ch\/index.php?rest_route=%2Fwp%2Fv2%2Ftags&post=34820"}],"curies":[{"name":"wp","href":"https:\/\/api.w.org\/{rel}","templated":true}]}}