{"id":34784,"date":"2022-07-25T08:00:00","date_gmt":"2022-07-25T07:00:00","guid":{"rendered":"https:\/\/swissmig.wordpress.com\/?p=34784"},"modified":"2022-07-25T08:00:00","modified_gmt":"2022-07-25T07:00:00","slug":"la-identidad-nacional-en-inmigrantes-de-segunda-generacion-en-suiza-un-incidente-futbolistico-para-la-reflexion-the-national-identity-in-second-generation-immigrants-in-switzerland-a-football-inci","status":"publish","type":"post","link":"https:\/\/swissmig.unine.ch\/?p=34784","title":{"rendered":"La identidad nacional en inmigrantes de segunda generaci\u00f3n en Suiza: un incidente futbol\u00edstico para la reflexi\u00f3n \/ The national identity in second-generation immigrants in Switzerland: a football incident for reflection"},"content":{"rendered":"<h3>Author(s) : Katia Marina Silva<\/h3>\n<h3>Source : <a href=\"http:\/\/www.scielo.edu.uy\/scielo.php?pid=S2393-68862022000100180&amp;script=sci_arttext\" target=\"_blank\" rel=\"noopener\">http:\/\/www.scielo.edu.uy\/scielo.php?pid=S2393-68862022000100180&amp;script=sci_arttext<\/a><\/h3>\n<p><!--more--><\/p>\n<blockquote>\n<p>&#8220;Los procesos de emigraci\u00f3n e inmigraci\u00f3n abarcan instancias de integraci\u00f3n formal y determinan la construcci\u00f3n de identidades nacionales, individuales y colectivas. Esta reflexi\u00f3n surge de un incidente futbol\u00edstico ocurrido en un partido entre Suiza y Serbia durante el Mundial de 2018: un gesto de reconocimiento de dos jugadores suizos hacia su pa\u00eds de origen -Kosovo- llev\u00f3 a cuestionar su legitimidad como nacionales helv\u00e9ticos. El suceso revela ambig\u00fcedades en el proceso de integraci\u00f3n de los secondos o inmigrantes de segunda generaci\u00f3n. Analizar la construcci\u00f3n de su identidad binacional constituye el objetivo del estudio, mediante una revisi\u00f3n descriptiva de conceptos como nacionalidad, ciudadan\u00eda, identidad e integraci\u00f3n. Se identificaron din\u00e1micas de inclusi\u00f3n y exclusi\u00f3n, producto de representaciones sociales vigentes en el contexto cultural de origen y en el de acogida. Las conclusiones recuerdan el car\u00e1cter plural de la identidad y advierten sobre las consecuencias de estas din\u00e1micas de exclusi\u00f3n.&#8221;<\/p>\n<p><b>Palabras clave:\u00a0<\/b>inmigraci\u00f3n; integraci\u00f3n; identidad nacional; segunda generaci\u00f3n; Suiza<\/p>\n<p>&#8220;The emigration and immigration processes include instances of formal integration and determine the construction of national, individual and collective identities. This reflection stems from a football incident that occurred in a match between Switzerland and Serbia during the 2018 World Cup: a gesture of recognition by two Swiss players towards their country of origin &#8211; Kosovo &#8211; led to questioning their legitimacy as Swiss nationals. The event reveals ambiguities in the integration process of the secondos or second-generation immigrants. Analyzing the construction of its binational identity constitutes the objective of the study, through a descriptive review of concepts such as nationality, citizenship, identity and integration. Dynamics of inclusion and exclusion were identified, as a result of current social representations in the cultural context of origin and in that of host. The conclusions recall the plural nature of identity and warn about the consequences of these exclusion dynamics.&#8221;<\/p>\n<p><b>Keywords:\u00a0<\/b>immigration; integration; national identity; second generation; Switzerland<\/p>\n<\/blockquote>\n\n\n<p><\/p>\n","protected":false},"excerpt":{"rendered":"<p>Author(s) : Katia Marina Silva Source : http:\/\/www.scielo.edu.uy\/scielo.php?pid=S2393-68862022000100180&amp;script=sci_arttext<\/p>\n","protected":false},"author":4,"featured_media":0,"comment_status":"open","ping_status":"open","sticky":false,"template":"","format":"standard","meta":{"_kadence_starter_templates_imported_post":false,"_kad_post_transparent":"","_kad_post_title":"","_kad_post_layout":"","_kad_post_sidebar_id":"","_kad_post_content_style":"","_kad_post_vertical_padding":"","_kad_post_feature":"","_kad_post_feature_position":"","_kad_post_header":false,"_kad_post_footer":false,"_kad_post_classname":"","jetpack_post_was_ever_published":false,"_jetpack_newsletter_access":"","_jetpack_dont_email_post_to_subs":false,"_jetpack_newsletter_tier_id":0,"_jetpack_memberships_contains_paywalled_content":false,"_jetpack_memberships_contains_paid_content":false,"footnotes":""},"categories":[167],"tags":[7,281,8,322,70,151,642,98,387,193,180,205,103,145,612,155],"class_list":["post-34784","post","type-post","status-publish","format-standard","hentry","category-ethnicity-languages-religion-arts","tag-article","tag-belonging","tag-case-study","tag-causes-of-migration","tag-citizenship","tag-cultural-identity","tag-dual-citizenship","tag-immigration-policy","tag-integration-policy","tag-kosovo","tag-multiculturalism","tag-national-identity","tag-refugees","tag-second-generation","tag-spanish-language","tag-sport"],"jetpack_featured_media_url":"","jetpack_sharing_enabled":true,"_links":{"self":[{"href":"https:\/\/swissmig.unine.ch\/index.php?rest_route=\/wp\/v2\/posts\/34784","targetHints":{"allow":["GET"]}}],"collection":[{"href":"https:\/\/swissmig.unine.ch\/index.php?rest_route=\/wp\/v2\/posts"}],"about":[{"href":"https:\/\/swissmig.unine.ch\/index.php?rest_route=\/wp\/v2\/types\/post"}],"author":[{"embeddable":true,"href":"https:\/\/swissmig.unine.ch\/index.php?rest_route=\/wp\/v2\/users\/4"}],"replies":[{"embeddable":true,"href":"https:\/\/swissmig.unine.ch\/index.php?rest_route=%2Fwp%2Fv2%2Fcomments&post=34784"}],"version-history":[{"count":0,"href":"https:\/\/swissmig.unine.ch\/index.php?rest_route=\/wp\/v2\/posts\/34784\/revisions"}],"wp:attachment":[{"href":"https:\/\/swissmig.unine.ch\/index.php?rest_route=%2Fwp%2Fv2%2Fmedia&parent=34784"}],"wp:term":[{"taxonomy":"category","embeddable":true,"href":"https:\/\/swissmig.unine.ch\/index.php?rest_route=%2Fwp%2Fv2%2Fcategories&post=34784"},{"taxonomy":"post_tag","embeddable":true,"href":"https:\/\/swissmig.unine.ch\/index.php?rest_route=%2Fwp%2Fv2%2Ftags&post=34784"}],"curies":[{"name":"wp","href":"https:\/\/api.w.org\/{rel}","templated":true}]}}