{"id":34753,"date":"2022-07-04T08:00:00","date_gmt":"2022-07-04T07:00:00","guid":{"rendered":"https:\/\/swissmig.wordpress.com\/?p=34753"},"modified":"2022-07-04T08:00:00","modified_gmt":"2022-07-04T07:00:00","slug":"illegalisierung-und-race-konturen-einer-rassismuskritischen-analyse-der-situation-von-abgewiesenen-asylsuchenden-in-der-schweiz","status":"publish","type":"post","link":"https:\/\/swissmig.unine.ch\/?p=34753","title":{"rendered":"Illegalisierung und Race. Konturen einer rassismuskritischen Analyse der Situation von abgewiesenen Asylsuchenden in der Schweiz"},"content":{"rendered":"<h3>Author(s) : Claudia Wilopo, Jana H\u00e4berlein<\/h3>\n<h3>Source : <a href=\"https:\/\/edoc.unibas.ch\/88497\/\" target=\"_blank\" rel=\"noopener\">https:\/\/edoc.unibas.ch\/88497\/<\/a><\/h3>\n<p><!--more--><\/p>\n<blockquote>\n<p>&#8220;Wir argumentieren in diesem Beitrag, dass die Unmenschlichkeit im Nothilferegime in ihrer Art existiert, weil sie eine gesamtschweizerische \u00d6ffentlichkeit kaum tangiert und die Geschichte des Rassismus und Kolonialismus in der Schweiz bisher nicht aufgearbeitet wurden. Rassifizierte K\u00f6rper und illegalisierte Leben werden nach wie vor als Abweichung von als weiss gelesenen Schweizer B\u00fcrger:innen unterschiedlich bewertet und ihnen wird weniger Schutz einger\u00e4umt. Das aufbewahrte Gummigeschoss, die \u00abverschwendeten\u00bb Leben in den unw\u00fcrdigen Unterk\u00fcnften (H\u00e4berlein 2020; Bauman 2004) gepaart mit wirtschaftlicher und gesellschaftlicher Dauerabh\u00e4ngigkeit lassen sich vor diesem Hintergrund als eine Fortschreibung der Rassismusgeschichte der Schweiz verstehen. Dass Fluchtgr\u00fcnde und der Prozess des \u00abIllegal\u00bb-Machens unter rassistischen Bedingungen entstehen und diese mit \u00abRace\u00bb zusammenh\u00e4ngen, wird systematisch verleugnet (Goldberg 2009; Michel 2022). Wie zeigen auf, wie die Rassifizierung und die Illegalisierung von Menschen, die zusammengenommen ihre unmenschliche Behandlung rechtfertigen, miteinander verkn\u00fcpft sind.&#8221;<\/p>\n<\/blockquote>\n\n\n<p><\/p>\n","protected":false},"excerpt":{"rendered":"<p>Author(s) : Claudia Wilopo, Jana H\u00e4berlein Source : https:\/\/edoc.unibas.ch\/88497\/<\/p>\n","protected":false},"author":4,"featured_media":0,"comment_status":"open","ping_status":"open","sticky":false,"template":"","format":"standard","meta":{"_kadence_starter_templates_imported_post":false,"_kad_post_transparent":"","_kad_post_title":"","_kad_post_layout":"","_kad_post_sidebar_id":"","_kad_post_content_style":"","_kad_post_vertical_padding":"","_kad_post_feature":"","_kad_post_feature_position":"","_kad_post_header":false,"_kad_post_footer":false,"_kad_post_classname":"","jetpack_post_was_ever_published":false,"_jetpack_newsletter_access":"","_jetpack_dont_email_post_to_subs":false,"_jetpack_newsletter_tier_id":0,"_jetpack_memberships_contains_paywalled_content":false,"_jetpack_memberships_contains_paid_content":false,"footnotes":""},"categories":[24],"tags":[722,32,70,545,152,107,148,73,271,98,387,294,100,122,334,47,308,402],"class_list":["post-34753","post","type-post","status-publish","format-standard","hentry","category-society-family-racism","tag-722","tag-book-chapter","tag-citizenship","tag-colonialism","tag-discourse","tag-freedom-of-movement","tag-gender","tag-german-language","tag-human-rights-violations","tag-immigration-policy","tag-integration-policy","tag-irregular-migration","tag-labour-migration","tag-migrants","tag-racism","tag-social-inequalities","tag-social-security","tag-temporary-admission"],"jetpack_featured_media_url":"","jetpack_sharing_enabled":true,"_links":{"self":[{"href":"https:\/\/swissmig.unine.ch\/index.php?rest_route=\/wp\/v2\/posts\/34753","targetHints":{"allow":["GET"]}}],"collection":[{"href":"https:\/\/swissmig.unine.ch\/index.php?rest_route=\/wp\/v2\/posts"}],"about":[{"href":"https:\/\/swissmig.unine.ch\/index.php?rest_route=\/wp\/v2\/types\/post"}],"author":[{"embeddable":true,"href":"https:\/\/swissmig.unine.ch\/index.php?rest_route=\/wp\/v2\/users\/4"}],"replies":[{"embeddable":true,"href":"https:\/\/swissmig.unine.ch\/index.php?rest_route=%2Fwp%2Fv2%2Fcomments&post=34753"}],"version-history":[{"count":0,"href":"https:\/\/swissmig.unine.ch\/index.php?rest_route=\/wp\/v2\/posts\/34753\/revisions"}],"wp:attachment":[{"href":"https:\/\/swissmig.unine.ch\/index.php?rest_route=%2Fwp%2Fv2%2Fmedia&parent=34753"}],"wp:term":[{"taxonomy":"category","embeddable":true,"href":"https:\/\/swissmig.unine.ch\/index.php?rest_route=%2Fwp%2Fv2%2Fcategories&post=34753"},{"taxonomy":"post_tag","embeddable":true,"href":"https:\/\/swissmig.unine.ch\/index.php?rest_route=%2Fwp%2Fv2%2Ftags&post=34753"}],"curies":[{"name":"wp","href":"https:\/\/api.w.org\/{rel}","templated":true}]}}