{"id":34746,"date":"2022-07-04T08:00:00","date_gmt":"2022-07-04T07:00:00","guid":{"rendered":"https:\/\/swissmig.wordpress.com\/?p=34746"},"modified":"2022-07-04T08:00:00","modified_gmt":"2022-07-04T07:00:00","slug":"la-surrepresentation-des-eleves-de-nationalite-etrangere-dans-lenseignement-specialise-vaudois-une-analyse-par-les-dispositifs-scolaires-et-la-region-dorigine","status":"publish","type":"post","link":"https:\/\/swissmig.unine.ch\/?p=34746","title":{"rendered":"La surrepr\u00e9sentation des \u00e9l\u00e8ves de nationalit\u00e9 \u00e9trang\u00e8re dans l\u2019enseignement sp\u00e9cialis\u00e9 vaudois : une analyse par les dispositifs scolaires et la r\u00e9gion d\u2019origine"},"content":{"rendered":"<h3>Author(s) : Laurent Bovey, St\u00e9phanie Bauer, Patrick Bonvin<\/h3>\n<h3>Source : <a href=\"https:\/\/orfee.hepl.ch\/handle\/20.500.12162\/5733\" target=\"_blank\" rel=\"noopener\">https:\/\/orfee.hepl.ch\/handle\/20.500.12162\/5733<\/a><\/h3>\n<p><!--more--><\/p>\n<blockquote>\n<p>&#8220;Cet article s\u2019int\u00e9resse \u00e0 la surrepr\u00e9sentation des \u00e9l\u00e8ves de nationalit\u00e9 \u00e9trang\u00e8re dans l\u2019enseignement sp\u00e9cialis\u00e9 vaudois. \u00c0 partir d\u2019une analyse descriptive des donn\u00e9es du Service cantonal de recherche et d\u2019information statistiques du canton de Vaud de 1996 \u00e0 2019, l\u2019article propose de r\u00e9actualiser les donn\u00e9es sur le sujet et de v\u00e9rifier si cette surrepr\u00e9sentation subsiste, et si elle se manifeste de mani\u00e8re diff\u00e9rente selon les nationalit\u00e9s ou regroupements territoriaux et selon le type de dispositif dans lequel les \u00e9l\u00e8ves sont assign\u00e9\u00b7e\u00b7s (classes sp\u00e9ciales ou \u00e9coles sp\u00e9cialis\u00e9es).&#8221;<\/p>\n<p>&#8220;This article looks at the over-representation of foreign students in special education in the canton of Vaud. Based on a descriptive analysis of data from the Cantonal Research and Statistical Information Service of the canton of Vaud from 1996 to 2019, the article proposes to update the data on the subject and to verify whether this over-representation persists, and whether it manifests itself differently according to nationality or territorial grouping and according to the type of system to which the pupils are assigned (special classes or special schools).&#8221;<\/p>\n<\/blockquote>\n\n\n<p><\/p>\n","protected":false},"excerpt":{"rendered":"<p>Author(s) : Laurent Bovey, St\u00e9phanie Bauer, Patrick Bonvin Source :&#8230;<\/p>\n","protected":false},"author":4,"featured_media":0,"comment_status":"open","ping_status":"open","sticky":false,"template":"","format":"standard","meta":{"_kadence_starter_templates_imported_post":false,"_kad_post_transparent":"","_kad_post_title":"","_kad_post_layout":"","_kad_post_sidebar_id":"","_kad_post_content_style":"","_kad_post_vertical_padding":"","_kad_post_feature":"","_kad_post_feature_position":"","_kad_post_header":false,"_kad_post_footer":false,"_kad_post_classname":"","jetpack_post_was_ever_published":false,"_jetpack_newsletter_access":"","_jetpack_dont_email_post_to_subs":false,"_jetpack_newsletter_tier_id":0,"_jetpack_memberships_contains_paywalled_content":false,"_jetpack_memberships_contains_paid_content":false,"footnotes":""},"categories":[61],"tags":[7,318,120,77,274,275,78,79,259,52,87,122,117,91,143,290,370],"class_list":["post-34746","post","type-post","status-publish","format-standard","hentry","category-education","tag-article","tag-children","tag-data-analysis","tag-education-policy","tag-educational-inequality","tag-educational-programmes","tag-educational-system","tag-equal-opportunities","tag-ethnicity","tag-french-language","tag-history","tag-migrants","tag-school-integration","tag-social-integration","tag-statistical-data","tag-students","tag-vaud"],"jetpack_featured_media_url":"","jetpack_sharing_enabled":true,"_links":{"self":[{"href":"https:\/\/swissmig.unine.ch\/index.php?rest_route=\/wp\/v2\/posts\/34746","targetHints":{"allow":["GET"]}}],"collection":[{"href":"https:\/\/swissmig.unine.ch\/index.php?rest_route=\/wp\/v2\/posts"}],"about":[{"href":"https:\/\/swissmig.unine.ch\/index.php?rest_route=\/wp\/v2\/types\/post"}],"author":[{"embeddable":true,"href":"https:\/\/swissmig.unine.ch\/index.php?rest_route=\/wp\/v2\/users\/4"}],"replies":[{"embeddable":true,"href":"https:\/\/swissmig.unine.ch\/index.php?rest_route=%2Fwp%2Fv2%2Fcomments&post=34746"}],"version-history":[{"count":0,"href":"https:\/\/swissmig.unine.ch\/index.php?rest_route=\/wp\/v2\/posts\/34746\/revisions"}],"wp:attachment":[{"href":"https:\/\/swissmig.unine.ch\/index.php?rest_route=%2Fwp%2Fv2%2Fmedia&parent=34746"}],"wp:term":[{"taxonomy":"category","embeddable":true,"href":"https:\/\/swissmig.unine.ch\/index.php?rest_route=%2Fwp%2Fv2%2Fcategories&post=34746"},{"taxonomy":"post_tag","embeddable":true,"href":"https:\/\/swissmig.unine.ch\/index.php?rest_route=%2Fwp%2Fv2%2Ftags&post=34746"}],"curies":[{"name":"wp","href":"https:\/\/api.w.org\/{rel}","templated":true}]}}