{"id":34731,"date":"2022-06-27T08:00:00","date_gmt":"2022-06-27T07:00:00","guid":{"rendered":"https:\/\/swissmig.wordpress.com\/?p=34731"},"modified":"2022-06-27T08:00:00","modified_gmt":"2022-06-27T07:00:00","slug":"limpact-du-vecu-des-refugies-sur-leur-apprentissage-de-la-langue-daccueil","status":"publish","type":"post","link":"https:\/\/swissmig.unine.ch\/?p=34731","title":{"rendered":"L\u2019impact du v\u00e9cu des r\u00e9fugi\u00e9s sur leur apprentissage de la langue d\u2019accueil"},"content":{"rendered":"<h3>Author(s) : Jean-Claude M\u00e9traux<\/h3>\n<h3>Source : <a href=\"http:\/\/babylonia.ch\/fileadmin\/user_upload\/documents\/2017-1\/Metraux.pdf\" target=\"_blank\" rel=\"noopener\">http:\/\/babylonia.ch\/fileadmin\/user_upload\/documents\/2017-1\/Metraux.pdf<\/a><\/h3>\n<p><!--more--><\/p>\n<blockquote>\n<p>&#8220;<span dir=\"ltr\" role=\"presentation\">En Suisse, comme dans la plupart des pays <\/span><span dir=\"ltr\" role=\"presentation\">europ\u00e9ens, l\u2019apprentissage de la langue <\/span><span dir=\"ltr\" role=\"presentation\">du pays d\u2019accueil (fran\u00e7ais, allemand ou <\/span><span dir=\"ltr\" role=\"presentation\">italien) constitue un crit\u00e8re d\u00e9cisif pour <\/span><span dir=\"ltr\" role=\"presentation\">l\u2019obtention par les migrants d\u2019un permis<\/span><br role=\"presentation\" \/><span dir=\"ltr\" role=\"presentation\">de s\u00e9jour stable. Il s\u2019agit entre autres <\/span><span dir=\"ltr\" role=\"presentation\">d\u2019une des exigences, dites d\u2019 \u00abint\u00e9gra<\/span><span dir=\"ltr\" role=\"presentation\">tion\u00bb, pour qu\u2019un permis F (admission <\/span><span dir=\"ltr\" role=\"presentation\">provisoire des requ\u00e9rants d\u2019asile n\u2019ayant <\/span><span dir=\"ltr\" role=\"presentation\">pas obtenu un statut de r\u00e9fugi\u00e9 mais ne <\/span><span dir=\"ltr\" role=\"presentation\">pouvant \u00eatre renvoy\u00e9 dans leur contr\u00e9e <\/span><span dir=\"ltr\" role=\"presentation\">d\u2019origine) puisse \u00eatre transform\u00e9 en <\/span><span dir=\"ltr\" role=\"presentation\">permis B (autorisation de s\u00e9jour) ou C <\/span><span dir=\"ltr\" role=\"presentation\">(autorisation d\u2019\u00e9tablissement). En parall\u00e8le, d\u00e8s les premi\u00e8res semaines de leur pr\u00e9sence dans notre pays, les requ\u00e9rants d\u2019asile sont inscrits \u00e0 des cours de langue auxquels ils doivent assister, sous peine m\u00eame parfois de subir des sanctions. De telles mesures semblent aller de soi pour le grand public, y compris politiciens et journalistes. Cependant elles n\u00e9gligent la prise en compte des conditions psychiques requises par l\u2019apprentissage d\u2019une langue, dont ne disposent pas les personnes immerg\u00e9es dans un \u00e9tat de survie et ayant v\u00e9cu des exp\u00e9riences traumatiques au long cours, soit la majorit\u00e9 des migrants.<\/span>&#8220;<\/p>\n<\/blockquote>\n\n\n<p><\/p>\n","protected":false},"excerpt":{"rendered":"<p>Author(s) : Jean-Claude M\u00e9traux Source : http:\/\/babylonia.ch\/fileadmin\/user_upload\/documents\/2017-1\/Metraux.pdf<\/p>\n","protected":false},"author":4,"featured_media":0,"comment_status":"open","ping_status":"open","sticky":false,"template":"","format":"standard","meta":{"_kadence_starter_templates_imported_post":false,"_kad_post_transparent":"","_kad_post_title":"","_kad_post_layout":"","_kad_post_sidebar_id":"","_kad_post_content_style":"","_kad_post_vertical_padding":"","_kad_post_feature":"","_kad_post_feature_position":"","_kad_post_header":false,"_kad_post_footer":false,"_kad_post_classname":"","jetpack_post_was_ever_published":false,"_jetpack_newsletter_access":"","_jetpack_dont_email_post_to_subs":false,"_jetpack_newsletter_tier_id":0,"_jetpack_memberships_contains_paywalled_content":false,"_jetpack_memberships_contains_paid_content":false,"footnotes":""},"categories":[167],"tags":[48,7,50,275,52,236,161,122,177,188,90,166,91,470],"class_list":["post-34731","post","type-post","status-publish","format-standard","hentry","category-ethnicity-languages-religion-arts","tag-48","tag-article","tag-asylum-seekers","tag-educational-programmes","tag-french-language","tag-language-barriers","tag-language-education","tag-migrants","tag-psychological-well-being","tag-ptsd","tag-reception-policy","tag-residence-permits","tag-social-integration","tag-trauma"],"jetpack_featured_media_url":"","jetpack_sharing_enabled":true,"_links":{"self":[{"href":"https:\/\/swissmig.unine.ch\/index.php?rest_route=\/wp\/v2\/posts\/34731","targetHints":{"allow":["GET"]}}],"collection":[{"href":"https:\/\/swissmig.unine.ch\/index.php?rest_route=\/wp\/v2\/posts"}],"about":[{"href":"https:\/\/swissmig.unine.ch\/index.php?rest_route=\/wp\/v2\/types\/post"}],"author":[{"embeddable":true,"href":"https:\/\/swissmig.unine.ch\/index.php?rest_route=\/wp\/v2\/users\/4"}],"replies":[{"embeddable":true,"href":"https:\/\/swissmig.unine.ch\/index.php?rest_route=%2Fwp%2Fv2%2Fcomments&post=34731"}],"version-history":[{"count":0,"href":"https:\/\/swissmig.unine.ch\/index.php?rest_route=\/wp\/v2\/posts\/34731\/revisions"}],"wp:attachment":[{"href":"https:\/\/swissmig.unine.ch\/index.php?rest_route=%2Fwp%2Fv2%2Fmedia&parent=34731"}],"wp:term":[{"taxonomy":"category","embeddable":true,"href":"https:\/\/swissmig.unine.ch\/index.php?rest_route=%2Fwp%2Fv2%2Fcategories&post=34731"},{"taxonomy":"post_tag","embeddable":true,"href":"https:\/\/swissmig.unine.ch\/index.php?rest_route=%2Fwp%2Fv2%2Ftags&post=34731"}],"curies":[{"name":"wp","href":"https:\/\/api.w.org\/{rel}","templated":true}]}}