{"id":3470,"date":"2020-01-27T09:00:46","date_gmt":"2020-01-27T08:00:46","guid":{"rendered":"https:\/\/swissmig.wordpress.com\/?p=3470"},"modified":"2020-01-27T09:00:46","modified_gmt":"2020-01-27T08:00:46","slug":"pratiques-funeraires-et-ressources-de-migrants-en-procedure-dasile-confrontes-a-la-mort-dun-proche-funeral-practices-and-resources-of-migrants-seeking-asylum-when-faced-with-the-dea","status":"publish","type":"post","link":"https:\/\/swissmig.unine.ch\/?p=3470","title":{"rendered":"Pratiques fun\u00e9raires et ressources de migrants en proc\u00e9dure d\u2019asile confront\u00e9s \u00e0 la mort d\u2019un proche \/ Funeral Practices and Resources of Migrants Seeking Asylum When Faced with the Death of a Close Relative"},"content":{"rendered":"<h3>Author(s) : <span class=\"nompers\">N\u2019Dri Paul Konan<\/span>, Khedidja Girardet<\/h3>\n<h3>Source : <a href=\"https:\/\/hesso.tind.io\/record\/3990\" target=\"_blank\" rel=\"noopener\">https:\/\/hesso.tind.io\/record\/3990<\/a><\/h3>\n<p><strong>Abstract: <\/strong><!--more--><\/p>\n<blockquote><p>&#8220;Du fait de leur inscription dans le processus d\u2019asile et \u00e0 cause des statuts que leur conf\u00e8rent les lois nationales dans le domaine, les migrants requ\u00e9rants d\u2019asile ne peuvent que tr\u00e8s difficilement quitter la Suisse en cas de d\u00e9c\u00e8s d\u2019un proche rest\u00e9 au pays. Aussi, dans cet article, nous pr\u00e9sentons les r\u00e9sultats d\u2019une \u00e9tude qualitative exploratoire portant sur les pratiques mises en oeuvre et sur les ressources mobilis\u00e9es par ces migrants confront\u00e9s \u00e0 un tel \u00e9v\u00e9nement. Les r\u00e9sultats t\u00e9moignent d\u2019un deuil mis parfois en suspens qui ne peut se comprendre que par la conjugaison des contraintes structurelles associ\u00e9es \u00e0 leur statut juridique, d\u2019une part, et par les ressources qu\u2019ils sont \u00e0 m\u00eame de mobiliser dans ce temps d\u2019attente qu\u2019est l\u2019asile, d\u2019autre part.&#8221;<\/p>\n<p>&#8220;Because they are in the process of requesting asylum and because of the statutes that apply to them by national law, it is very difficult for asylum seekers to leave Switzerland in the event of the death of a relative in their native country. In this article, we present the results of an exploratory qualitative study on the practices implemented and the resources mobilized by these migrants to deal with such an event. The results show that mourning is sometimes put on hold because of a combination of structural constraints associated with their legal status on the one hand, and on the other, the resources they are able to mobilize while waiting for asylum.&#8221;<\/p>\n<p><strong>Mots-cl\u00e9s<\/strong>: asile ; mort ; deuil ; pratiques fun\u00e9raires ; ressources. asylum ; death ; mourning ; funeral practices ; resources<\/p><\/blockquote>\n<p>&nbsp;<\/p>\n","protected":false},"excerpt":{"rendered":"<p>Author(s) : N\u2019Dri Paul Konan, Khedidja Girardet Source : https:\/\/hesso.tind.io\/record\/3990&#8230;<\/p>\n","protected":false},"author":4,"featured_media":0,"comment_status":"open","ping_status":"open","sticky":false,"template":"","format":"standard","meta":{"_kadence_starter_templates_imported_post":false,"_kad_post_transparent":"","_kad_post_title":"","_kad_post_layout":"","_kad_post_sidebar_id":"","_kad_post_content_style":"","_kad_post_vertical_padding":"","_kad_post_feature":"","_kad_post_feature_position":"","_kad_post_header":false,"_kad_post_footer":false,"_kad_post_classname":"","jetpack_post_was_ever_published":false,"_jetpack_newsletter_access":"","_jetpack_dont_email_post_to_subs":false,"_jetpack_newsletter_tier_id":0,"_jetpack_memberships_contains_paywalled_content":false,"_jetpack_memberships_contains_paid_content":false,"footnotes":""},"categories":[167],"tags":[285,49,112,50,92,596,52,129,303,200,643,168,166],"class_list":["post-3470","post","type-post","status-publish","format-standard","hentry","category-ethnicity-languages-religion-arts","tag-285","tag-asylum-policy","tag-asylum-procedure","tag-asylum-seekers","tag-country-of-origin","tag-death","tag-french-language","tag-law","tag-legal-aspects","tag-qualitative-approach","tag-refugee-status","tag-religious-practice","tag-residence-permits"],"jetpack_featured_media_url":"","jetpack_sharing_enabled":true,"_links":{"self":[{"href":"https:\/\/swissmig.unine.ch\/index.php?rest_route=\/wp\/v2\/posts\/3470","targetHints":{"allow":["GET"]}}],"collection":[{"href":"https:\/\/swissmig.unine.ch\/index.php?rest_route=\/wp\/v2\/posts"}],"about":[{"href":"https:\/\/swissmig.unine.ch\/index.php?rest_route=\/wp\/v2\/types\/post"}],"author":[{"embeddable":true,"href":"https:\/\/swissmig.unine.ch\/index.php?rest_route=\/wp\/v2\/users\/4"}],"replies":[{"embeddable":true,"href":"https:\/\/swissmig.unine.ch\/index.php?rest_route=%2Fwp%2Fv2%2Fcomments&post=3470"}],"version-history":[{"count":0,"href":"https:\/\/swissmig.unine.ch\/index.php?rest_route=\/wp\/v2\/posts\/3470\/revisions"}],"wp:attachment":[{"href":"https:\/\/swissmig.unine.ch\/index.php?rest_route=%2Fwp%2Fv2%2Fmedia&parent=3470"}],"wp:term":[{"taxonomy":"category","embeddable":true,"href":"https:\/\/swissmig.unine.ch\/index.php?rest_route=%2Fwp%2Fv2%2Fcategories&post=3470"},{"taxonomy":"post_tag","embeddable":true,"href":"https:\/\/swissmig.unine.ch\/index.php?rest_route=%2Fwp%2Fv2%2Ftags&post=3470"}],"curies":[{"name":"wp","href":"https:\/\/api.w.org\/{rel}","templated":true}]}}