{"id":34685,"date":"2022-06-06T08:00:00","date_gmt":"2022-06-06T07:00:00","guid":{"rendered":"https:\/\/swissmig.wordpress.com\/?p=34685"},"modified":"2022-06-06T08:00:00","modified_gmt":"2022-06-06T07:00:00","slug":"bedeutung-des-dolmetschens-im-neuen-asylverfahren","status":"publish","type":"post","link":"https:\/\/swissmig.unine.ch\/?p=34685","title":{"rendered":"Bedeutung des Dolmetschens im neuen Asylverfahren"},"content":{"rendered":"<h3>Author(s) : Lena Emch-Fassnacht, Michael M\u00fcller<\/h3>\n<h3>Source : <a href=\"http:\/\/babylonia.ch\/de\/archiv\/2017\/nummer-1\/emch-fassnacht-mueller\/\" target=\"_blank\" rel=\"noopener\">http:\/\/babylonia.ch\/de\/archiv\/2017\/nummer-1\/emch-fassnacht-mueller\/<\/a><\/h3>\n<p><!--more--><\/p>\n<blockquote>\n<p>&#8220;Mit der stufenweisen Umsetzung der Asylgesetzrevision ab Herbst 2016 reagiert der Bund auf die grossen Herausforderungen im Asylwesen. Ein kritischer Faktor f\u00fcr die Gew\u00e4hrleistung eines funktionierenden Asylverfahrens stellt die Verf\u00fcgbarkeit von qualifizierten Dolmetschenden dar. Dies wird sich mit der Umsetzung der Asylgesetzrevision noch weiter akzentuieren. [\u2026]&#8221;<\/p>\n<p>&#8220;Le 5 juin 2016, le peuple a accept\u00e9 la modification de la loi sur l\u2019asile relative \u00e0 l\u2019acc\u00e9l\u00e9ration des proc\u00e9dures, qui passe entre autres par la r\u00e9union de tous les acteurs sous un m\u00eame toit. Afin de garantir des d\u00e9cisions constitutionnellement correctes malgr\u00e9 des proc\u00e9dures plus rapides, la r\u00e9vision de la loi pr\u00e9voit que les requ\u00e9rants d\u2019asile ont une meilleure protection juridique sous forme de conseil et de repr\u00e9sentation juridique. Pour pouvoir d\u00e9velopper l\u2019interpr\u00e9tariat dans le domaine de l\u2019asile en fonction des nouvelles exigences, des solutions s\u2019imposent sur trois plans: les interpr\u00e8tes qualifi\u00e9s doivent \u00eatre en nombre suffisant et \u00eatre form\u00e9s pour r\u00e9pondre aux exigences sp\u00e9cifiques du domaine de l\u2019asile, et l\u2019organisation et les r\u00e9flexions sur les modalit\u00e9s (interpr\u00e9tariat en face \u00e0 face, par t\u00e9l\u00e9phone ou vid\u00e9o) doivent \u00eatre affront\u00e9es. Une mise en \u0153uvre minutieuse de la loi offre la possibilit\u00e9 d\u2019accorder \u00e0 l\u2019interpr\u00e9tariat l\u2019importance qu\u2019il m\u00e9rite, compte tenu de sa fonction centrale.&#8221;<\/p>\n<\/blockquote>\n\n\n<p><\/p>\n","protected":false},"excerpt":{"rendered":"<p>Author(s) : Lena Emch-Fassnacht, Michael M\u00fcller Source : http:\/\/babylonia.ch\/de\/archiv\/2017\/nummer-1\/emch-fassnacht-mueller\/<\/p>\n","protected":false},"author":4,"featured_media":0,"comment_status":"open","ping_status":"open","sticky":false,"template":"","format":"standard","meta":{"_kadence_starter_templates_imported_post":false,"_kad_post_transparent":"","_kad_post_title":"","_kad_post_layout":"","_kad_post_sidebar_id":"","_kad_post_content_style":"","_kad_post_vertical_padding":"","_kad_post_feature":"","_kad_post_feature_position":"","_kad_post_header":false,"_kad_post_footer":false,"_kad_post_classname":"","jetpack_post_was_ever_published":false,"_jetpack_newsletter_access":"","_jetpack_dont_email_post_to_subs":false,"_jetpack_newsletter_tier_id":0,"_jetpack_memberships_contains_paywalled_content":false,"_jetpack_memberships_contains_paid_content":false,"footnotes":""},"categories":[167],"tags":[48,7,49,112,307,173,79,121,73,311,129,264],"class_list":["post-34685","post","type-post","status-publish","format-standard","hentry","category-ethnicity-languages-religion-arts","tag-48","tag-article","tag-asylum-policy","tag-asylum-procedure","tag-civil-and-political-rights","tag-cross-cultural-communication","tag-equal-opportunities","tag-ethnic-minorities","tag-german-language","tag-interpreting","tag-law","tag-skills"],"jetpack_featured_media_url":"","jetpack_sharing_enabled":true,"_links":{"self":[{"href":"https:\/\/swissmig.unine.ch\/index.php?rest_route=\/wp\/v2\/posts\/34685","targetHints":{"allow":["GET"]}}],"collection":[{"href":"https:\/\/swissmig.unine.ch\/index.php?rest_route=\/wp\/v2\/posts"}],"about":[{"href":"https:\/\/swissmig.unine.ch\/index.php?rest_route=\/wp\/v2\/types\/post"}],"author":[{"embeddable":true,"href":"https:\/\/swissmig.unine.ch\/index.php?rest_route=\/wp\/v2\/users\/4"}],"replies":[{"embeddable":true,"href":"https:\/\/swissmig.unine.ch\/index.php?rest_route=%2Fwp%2Fv2%2Fcomments&post=34685"}],"version-history":[{"count":0,"href":"https:\/\/swissmig.unine.ch\/index.php?rest_route=\/wp\/v2\/posts\/34685\/revisions"}],"wp:attachment":[{"href":"https:\/\/swissmig.unine.ch\/index.php?rest_route=%2Fwp%2Fv2%2Fmedia&parent=34685"}],"wp:term":[{"taxonomy":"category","embeddable":true,"href":"https:\/\/swissmig.unine.ch\/index.php?rest_route=%2Fwp%2Fv2%2Fcategories&post=34685"},{"taxonomy":"post_tag","embeddable":true,"href":"https:\/\/swissmig.unine.ch\/index.php?rest_route=%2Fwp%2Fv2%2Ftags&post=34685"}],"curies":[{"name":"wp","href":"https:\/\/api.w.org\/{rel}","templated":true}]}}