{"id":34657,"date":"2022-05-30T08:00:00","date_gmt":"2022-05-30T07:00:00","guid":{"rendered":"https:\/\/swissmig.wordpress.com\/?p=34657"},"modified":"2022-05-30T08:00:00","modified_gmt":"2022-05-30T07:00:00","slug":"evaluation-peru-protection-juridique-et-qualite-des-decisions-rapport-final-resume","status":"publish","type":"post","link":"https:\/\/swissmig.unine.ch\/?p=34657","title":{"rendered":"\u00c9valuation PERU : Protection juridique et qualit\u00e9 des d\u00e9cisions. Rapport final (r\u00e9sum\u00e9)"},"content":{"rendered":"<h3>Author(s) : Anne-Laurence Graf, Raffaella Massara, Bendicht Tellenbach, Alberto Achermann<\/h3>\n<h3>Source : <a href=\"https:\/\/boris.unibe.ch\/163000\/3\/210826_Evaluation_PERU_Kurzbericht_FR.pdf\" target=\"_blank\" rel=\"noopener\">https:\/\/boris.unibe.ch\/163000\/3\/210826_Evaluation_PERU_Kurzbericht_FR.pdf<\/a><\/h3>\n<p><!--more--><\/p>\n<blockquote>\n<p>&#8220;<span id=\"page8R_mcid2\" class=\"markedContent\"><span dir=\"ltr\" role=\"presentation\">Cette \u00e9valuation, r\u00e9alis\u00e9e par le Centre suisse de comp\u00e9tence pour les droits humains (CSDH) sur <\/span><span dir=\"ltr\" role=\"presentation\">mandat du SEM, porte sur la protection juridique et la qualit\u00e9 des d\u00e9cisions dans le cadre de la<\/span><br role=\"presentation\"><span dir=\"ltr\" role=\"presentation\">nouvelle proc\u00e9dure d\u2019asile. L\u2019\u00e9valuation s\u2019inscr<\/span><span dir=\"ltr\" role=\"presentation\">it dans le sous<\/span><span dir=\"ltr\" role=\"presentation\">&#8211;<\/span><span dir=\"ltr\" role=\"presentation\">projet 2<\/span> <span dir=\"ltr\" role=\"presentation\">du projet<\/span> <span dir=\"ltr\" role=\"presentation\">PERU, qui devait<\/span><br role=\"presentation\"><span dir=\"ltr\" role=\"presentation\">examiner la qualit\u00e9 des processus, la qualit\u00e9 des d\u00e9cisions et la protection juridique apport\u00e9e dans<\/span><br role=\"presentation\"><span dir=\"ltr\" role=\"presentation\">le cadre de l\u2019application de la loi r\u00e9vis\u00e9e sur l\u2019asile (l\u2019examen de la qualit\u00e9 des processus \u00e9tant<\/span><br role=\"presentation\"><span dir=\"ltr\" role=\"presentation\">l\u2019o<\/span><span dir=\"ltr\" role=\"presentation\">bjet du sous<\/span><span dir=\"ltr\" role=\"presentation\">&#8211;<\/span><span dir=\"ltr\" role=\"presentation\">projet 1). <\/span><\/span><span id=\"page8R_mcid3\" class=\"markedContent\"><span dir=\"ltr\" role=\"presentation\">L\u2019\u00e9valuation du sous<\/span><span dir=\"ltr\" role=\"presentation\">&#8211;<\/span><span dir=\"ltr\" role=\"presentation\">projet 2 se subdivis<\/span><span dir=\"ltr\" role=\"presentation\">e<\/span> <span dir=\"ltr\" role=\"presentation\">en deux volets<\/span> <span dir=\"ltr\" role=\"presentation\">: le premier s<\/span><span dir=\"ltr\" role=\"presentation\">e<\/span> <span dir=\"ltr\" role=\"presentation\">focalis<\/span><span dir=\"ltr\" role=\"presentation\">e<\/span> <span dir=\"ltr\" role=\"presentation\">sur l\u2019ex\u00e9cution du <\/span><span dir=\"ltr\" role=\"presentation\">mandat de protection juridique dans la proc\u00e9dure de premi\u00e8re instance<\/span> <span dir=\"ltr\" role=\"presentation\">; le second s\u2019int\u00e9ress<\/span><span dir=\"ltr\" role=\"presentation\">e<\/span> <span dir=\"ltr\" role=\"presentation\">\u00e0 la <\/span><span dir=\"ltr\" role=\"presentation\">qualit\u00e9 des d\u00e9cisions du SEM et<\/span> <span dir=\"ltr\" role=\"presentation\">aux actes \u00e9tablis dans le contexte de la protection juridique. Dans <\/span><span dir=\"ltr\" role=\"presentation\">les deux cas, l\u2019\u00e9quipe d\u2019\u00e9valuation s\u2019est appuy\u00e9e sur une analyse des statistiques du SEM et du <\/span><span dir=\"ltr\" role=\"presentation\">TAF, compl\u00e9t\u00e9e par une s\u00e9rie d\u2019entretiens r\u00e9alis\u00e9s aupr\u00e8s des acteurs impliqu\u00e9s (notamment<\/span> <span dir=\"ltr\" role=\"presentation\">les <\/span><span dir=\"ltr\" role=\"presentation\">repr\u00e9sentants juridiques [<\/span><span dir=\"ltr\" role=\"presentation\">RJ<\/span><span dir=\"ltr\" role=\"presentation\">]<\/span><span dir=\"ltr\" role=\"presentation\">) dans les six r\u00e9gions Asile.<\/span><\/span>&#8220;<\/p>\n<\/blockquote>\n\n\n<p><\/p>\n","protected":false},"excerpt":{"rendered":"<p>Author(s) : Anne-Laurence Graf, Raffaella Massara, Bendicht Tellenbach, Alberto Achermann&#8230;<\/p>\n","protected":false},"author":4,"featured_media":0,"comment_status":"open","ping_status":"open","sticky":false,"template":"","format":"standard","meta":{"_kadence_starter_templates_imported_post":false,"_kad_post_transparent":"","_kad_post_title":"","_kad_post_layout":"","_kad_post_sidebar_id":"","_kad_post_content_style":"","_kad_post_vertical_padding":"","_kad_post_feature":"","_kad_post_feature_position":"","_kad_post_header":false,"_kad_post_footer":false,"_kad_post_classname":"","jetpack_post_was_ever_published":false,"_jetpack_newsletter_access":"","_jetpack_dont_email_post_to_subs":false,"_jetpack_newsletter_tier_id":0,"_jetpack_memberships_contains_paywalled_content":false,"_jetpack_memberships_contains_paid_content":false,"footnotes":""},"categories":[53],"tags":[722,111,49,112,50,518,52,154,643,249,143,621],"class_list":["post-34657","post","type-post","status-publish","format-standard","hentry","category-law","tag-722","tag-asylum-applications","tag-asylum-policy","tag-asylum-procedure","tag-asylum-seekers","tag-evaluation","tag-french-language","tag-interviews","tag-refugee-status","tag-report","tag-statistical-data","tag-street-level-bureaucracy"],"jetpack_featured_media_url":"","jetpack_sharing_enabled":true,"_links":{"self":[{"href":"https:\/\/swissmig.unine.ch\/index.php?rest_route=\/wp\/v2\/posts\/34657","targetHints":{"allow":["GET"]}}],"collection":[{"href":"https:\/\/swissmig.unine.ch\/index.php?rest_route=\/wp\/v2\/posts"}],"about":[{"href":"https:\/\/swissmig.unine.ch\/index.php?rest_route=\/wp\/v2\/types\/post"}],"author":[{"embeddable":true,"href":"https:\/\/swissmig.unine.ch\/index.php?rest_route=\/wp\/v2\/users\/4"}],"replies":[{"embeddable":true,"href":"https:\/\/swissmig.unine.ch\/index.php?rest_route=%2Fwp%2Fv2%2Fcomments&post=34657"}],"version-history":[{"count":0,"href":"https:\/\/swissmig.unine.ch\/index.php?rest_route=\/wp\/v2\/posts\/34657\/revisions"}],"wp:attachment":[{"href":"https:\/\/swissmig.unine.ch\/index.php?rest_route=%2Fwp%2Fv2%2Fmedia&parent=34657"}],"wp:term":[{"taxonomy":"category","embeddable":true,"href":"https:\/\/swissmig.unine.ch\/index.php?rest_route=%2Fwp%2Fv2%2Fcategories&post=34657"},{"taxonomy":"post_tag","embeddable":true,"href":"https:\/\/swissmig.unine.ch\/index.php?rest_route=%2Fwp%2Fv2%2Ftags&post=34657"}],"curies":[{"name":"wp","href":"https:\/\/api.w.org\/{rel}","templated":true}]}}