{"id":3465,"date":"2020-01-27T09:00:46","date_gmt":"2020-01-27T08:00:46","guid":{"rendered":"https:\/\/swissmig.wordpress.com\/?p=3465"},"modified":"2020-01-27T09:00:46","modified_gmt":"2020-01-27T08:00:46","slug":"troubles-post-traumatiques-chez-les-requerants-dasile-fruherkennung-von-traumafolgeerkrankungen-bei-asylsuchenden","status":"publish","type":"post","link":"https:\/\/swissmig.unine.ch\/?p=3465","title":{"rendered":"Troubles post-traumatiques chez les requ\u00e9rants d\u2019asile \/ Fr\u00fcherkennung von Traumafolge\u00aderkrankungen bei Asylsuchenden"},"content":{"rendered":"<h3>Author(s) : Thomas Heiniger, Peter Kaiser<\/h3>\n<h3>Source : FR <a href=\"https:\/\/doi.org\/10.4414\/bms.2020.18509\" target=\"_blank\" rel=\"noopener\"> https:\/\/doi.org\/10.4414\/bms.2020.18509<\/a><\/h3>\n<h3>Source : DE <a href=\"https:\/\/doi.org\/10.4414\/saez.2020.18509\" target=\"_blank\" rel=\"noopener\">https:\/\/doi.org\/10.4414\/saez.2020.18509<\/a><\/h3>\n<p><strong>Abstract: <\/strong><!--more--><\/p>\n<blockquote>\n<p id=\"38d9dc48677ec1e0bc1fd69dddd5566a89440aeb\" class=\"paragraph-normal\">&#8220;Gefl\u00fcchtete Menschen leiden oft unter Traumafolgeerkrankungen. Eine fr\u00fche Erkennung ist wichtig, doch die Praxis zeigt, dass Traumafolgeerkrankungen oft erst nach Jahren identifiziert werden. Dann sind Behandlungsschritte nur noch mit grossem Aufwand und hohen Kosten m\u00f6glich. Eine rasche Erkennung von Traumata w\u00e4re sowohl f\u00fcr die Betroffenen als auch f\u00fcr die Gesellschaft bedeutsam. Eine rasche Erkennung von Traumafolgeerkrankungen erm\u00f6glicht, Betroffene m\u00f6glichst fr\u00fch in entsprechende Unterst\u00fctzungsangebote zu verweisen und \u00addamit Chronifizierung und hohe gesellschaftliche Folgekosten zu vermeiden. Der Anteil der Personen im Asyl- und Fl\u00fcchtlingsbereich mit einer Traumatisierung oder psychischen Erkrankung ist zahlenm\u00e4ssig nicht erfasst, wird jedoch von der H\u00e4lfte der Schweizer Kantone als eher hoch eingesch\u00e4tzt. Aufgrund verschiedener internationaler Studien ist davon auszugehen, dass 40 bis 50% aller Gefl\u00fcchteten traumatisiert sind. In Deutschland haben rund drei Viertel der Schutzsuchenden aus Syrien, Irak und Afghanistan \u00adunterschiedliche Formen von Gewalt erfahren und sind oft mehrfach traumatisiert. Die posttrauma\u00adtische Belastungsst\u00f6rung (PTSD) (30,6%) und Depres\u00adsionen (30,8%) sind die h\u00e4ufigsten Folgen von trau\u00admatischen Folter- und Kriegserfahrungen. Diese sogenannten Traumafolgeerkrankungen haben nicht nur auf das private Leben der Betroffenen einen Einfluss, sie erschweren zus\u00e4tzlich die soziale Integration.&#8221;<\/p>\n<section id=\"section-lead\" class=\"paragraph\"><\/section>\n<p>&#8220;Les troubles posttraumatiques sont fr\u00e9quents chez les r\u00e9fugi\u00e9s. Si leur d\u00e9tection pr\u00e9coce est importante, l\u2019exp\u00e9rience montre qu\u2019ils ne sont souvent identifi\u00e9s qu\u2019apr\u00e8s de longues ann\u00e9es, ce qui rend les mesures th\u00e9rapeutiques d\u2019autant plus lourdes et co\u00fbteuses. Cependant, un d\u00e9pistage rapide des traumatismes serait utile, tant pour les personnes concern\u00e9es que pour la soci\u00e9t\u00e9. Un d\u00e9pistage pr\u00e9coce des troubles posttraumatiques permet d\u2019orienter rapidement les personnes concern\u00e9es vers des offres de soutien adapt\u00e9es, contribuant ainsi \u00e0 pr\u00e9venir la chronicisation et \u00e0 limiter les co\u00fbts ult\u00e9rieurs pour la soci\u00e9t\u00e9. Les personnes relevant du domaine de l\u2019asile et des r\u00e9fugi\u00e9s pr\u00e9sentant un traumatisme ou une maladie psychique ne font pas l\u2019objet de relev\u00e9 statistique. Leur nombre est toutefois jug\u00e9 \u00e9lev\u00e9 par la moiti\u00e9 des cantons suisses. Il ressort de diff\u00e9rentes \u00e9tudes internationales que 40 \u00e0 50% de l\u2019ensemble des r\u00e9fugi\u00e9s souffriraient de traumatismes. En Allemagne, pr\u00e8s de trois quarts des demandeurs d\u2019asile en provenance de Syrie, d\u2019Irak et d\u2019Afghanistan ont subi diverses formes de violence souvent \u00e0 l\u2019origine de traumatismes multiples. L\u2019\u00e9tat de stress posttraumatique ou ESPT (30,6%) et la d\u00e9pression (30,8%) sont les principales s\u00e9quelles d\u2019une exp\u00e9rience traumatisante de la torture ou de la guerre. Les troubles dits posttraumatiques non seulement rejaillissent sur la vie priv\u00e9e des personnes concern\u00e9es, mais compli\u00adquent aussi leur int\u00e9gration sociale.&#8221;<\/p><\/blockquote>\n","protected":false},"excerpt":{"rendered":"<p>Author(s) : Thomas Heiniger, Peter Kaiser Source : FR https:\/\/doi.org\/10.4414\/bms.2020.18509&#8230;<\/p>\n","protected":false},"author":4,"featured_media":0,"comment_status":"open","ping_status":"open","sticky":false,"template":"","format":"standard","meta":{"_kadence_starter_templates_imported_post":false,"_kad_post_transparent":"","_kad_post_title":"","_kad_post_layout":"","_kad_post_sidebar_id":"","_kad_post_content_style":"","_kad_post_vertical_padding":"","_kad_post_feature":"","_kad_post_feature_position":"","_kad_post_header":false,"_kad_post_footer":false,"_kad_post_classname":"","jetpack_post_was_ever_published":false,"_jetpack_newsletter_access":"","_jetpack_dont_email_post_to_subs":false,"_jetpack_newsletter_tier_id":0,"_jetpack_memberships_contains_paywalled_content":false,"_jetpack_memberships_contains_paid_content":false,"footnotes":""},"categories":[59],"tags":[654,556,50,52,73,185,442,188,103,91,470],"class_list":["post-3465","post","type-post","status-publish","format-standard","hentry","category-health","tag-654","tag-access-to-health-care","tag-asylum-seekers","tag-french-language","tag-german-language","tag-mental-health","tag-preventive-medicine","tag-ptsd","tag-refugees","tag-social-integration","tag-trauma"],"jetpack_featured_media_url":"","jetpack_sharing_enabled":true,"_links":{"self":[{"href":"https:\/\/swissmig.unine.ch\/index.php?rest_route=\/wp\/v2\/posts\/3465","targetHints":{"allow":["GET"]}}],"collection":[{"href":"https:\/\/swissmig.unine.ch\/index.php?rest_route=\/wp\/v2\/posts"}],"about":[{"href":"https:\/\/swissmig.unine.ch\/index.php?rest_route=\/wp\/v2\/types\/post"}],"author":[{"embeddable":true,"href":"https:\/\/swissmig.unine.ch\/index.php?rest_route=\/wp\/v2\/users\/4"}],"replies":[{"embeddable":true,"href":"https:\/\/swissmig.unine.ch\/index.php?rest_route=%2Fwp%2Fv2%2Fcomments&post=3465"}],"version-history":[{"count":0,"href":"https:\/\/swissmig.unine.ch\/index.php?rest_route=\/wp\/v2\/posts\/3465\/revisions"}],"wp:attachment":[{"href":"https:\/\/swissmig.unine.ch\/index.php?rest_route=%2Fwp%2Fv2%2Fmedia&parent=3465"}],"wp:term":[{"taxonomy":"category","embeddable":true,"href":"https:\/\/swissmig.unine.ch\/index.php?rest_route=%2Fwp%2Fv2%2Fcategories&post=3465"},{"taxonomy":"post_tag","embeddable":true,"href":"https:\/\/swissmig.unine.ch\/index.php?rest_route=%2Fwp%2Fv2%2Ftags&post=3465"}],"curies":[{"name":"wp","href":"https:\/\/api.w.org\/{rel}","templated":true}]}}