{"id":34615,"date":"2022-05-09T08:00:00","date_gmt":"2022-05-09T07:00:00","guid":{"rendered":"https:\/\/swissmig.wordpress.com\/?p=34615"},"modified":"2022-05-09T08:00:00","modified_gmt":"2022-05-09T07:00:00","slug":"asile-et-abus-regards-pluridisciplinaires-sur-un-discours-dominant-asyl-und-missbrauch-multidisziplinare-perspektiven-auf-einen-vorherrschenden-diskurs","status":"publish","type":"post","link":"https:\/\/swissmig.unine.ch\/?p=34615","title":{"rendered":"Asile et abus. Regards pluridisciplinaires sur un discours dominant \/ Asyl und Missbrauch. Multidisziplin\u00e4re Perspektiven auf einen vorherrschenden Diskurs"},"content":{"rendered":"<h3>Author(s) : Anne-C\u00e9cile Leyvraz, Rapha\u00ebl Rey, Damian Rosset, Robin St\u00fcnzi<\/h3>\n<h3>Source : <a href=\"https:\/\/www.seismoverlag.ch\/fr\/daten\/asile-et-abus\/\" target=\"_blank\" rel=\"noopener\">https:\/\/www.seismoverlag.ch\/fr\/daten\/asile-et-abus\/<\/a><\/h3>\n<h3>Source : <a href=\"https:\/\/zenodo.org\/record\/4433038\" target=\"_blank\" rel=\"noopener\">https:\/\/zenodo.org\/record\/4433038<\/a><\/h3>\n<p><!--more--><\/p>\n<blockquote>\n<p>&#8220;La question de l\u2019asile polarise l\u2019opinion publique en Suisse depuis quarante ans. Depuis son entr\u00e9e en vigueur en 1981, la Loi sur l\u2019asile a \u00e9t\u00e9 r\u00e9vis\u00e9e \u00e0 de nombreuses reprises, notamment en vue de durcir l\u2019acc\u00e8s \u00e0 la proc\u00e9dure d\u2019asile ainsi que les conditions d\u2019accueil. Parmi les discours l\u00e9gitimant cette inflation normative, celui de la \u00ab lutte contre les abus \u00bb b\u00e9n\u00e9ficie d\u2019un large consensus dans l\u2019espace public. Pourtant, ce discours n\u2019a encore jamais fait l\u2019objet d\u2019une -analyse approfondie. Le pr\u00e9sent ouvrage \u2013 collectif et pluridisciplinaire comble cette lacune.&#8221;<\/p>\n<div class=\"record-description\">\n<p>&#8220;Seit vier Jahrzehnten wird die Asylthematik in der Schweiz kontrovers diskutiert. Die zahlreichen Anpassungen des Asylgesetzes seit seiner Einf\u00fchrung im Jahr 1981, sind durch eine Versch\u00e4rfung der Zugangskriterien zum Asylverfahren und erschwerte Aufnahmebedingungen gekennzeichnet. Unter den zahlreichen Debatten geniesst der Diskurs der \u00abMissbrauchsbek\u00e4mpfung\u00bb im Asylbereich breiten Konsens in der \u00d6ffentlichkeit. Trotz dieser Omnipr\u00e4senz in der politischen und medialen Diskussion fehlt eine eingehende Analyse des Missbrauchsdiskurs im Asylbereich. Das vorliegende Buch schliesst diese L\u00fccke.&#8221;<\/p>\n<\/div>\n<\/blockquote>\n\n\n<p><\/p>\n","protected":false},"excerpt":{"rendered":"<p>Author(s) : Anne-C\u00e9cile Leyvraz, Rapha\u00ebl Rey, Damian Rosset, Robin St\u00fcnzi&#8230;<\/p>\n","protected":false},"author":4,"featured_media":0,"comment_status":"open","ping_status":"open","sticky":false,"template":"","format":"standard","meta":{"_kadence_starter_templates_imported_post":false,"_kad_post_transparent":"","_kad_post_title":"","_kad_post_layout":"","_kad_post_sidebar_id":"","_kad_post_content_style":"","_kad_post_vertical_padding":"","_kad_post_feature":"","_kad_post_feature_position":"","_kad_post_header":false,"_kad_post_footer":false,"_kad_post_classname":"","jetpack_post_was_ever_published":false,"_jetpack_newsletter_access":"","_jetpack_dont_email_post_to_subs":false,"_jetpack_newsletter_tier_id":0,"_jetpack_memberships_contains_paywalled_content":false,"_jetpack_memberships_contains_paid_content":false,"footnotes":""},"categories":[12],"tags":[722,111,49,112,50,37,562,152,52,73,87,36,94,90,719,103],"class_list":["post-34615","post","type-post","status-publish","format-standard","hentry","category-politics","tag-722","tag-asylum-applications","tag-asylum-policy","tag-asylum-procedure","tag-asylum-seekers","tag-attitudes-towards-migrants","tag-book","tag-discourse","tag-french-language","tag-german-language","tag-history","tag-migration-policy","tag-political-system","tag-reception-policy","tag-refugee-law","tag-refugees"],"jetpack_featured_media_url":"","jetpack_sharing_enabled":true,"_links":{"self":[{"href":"https:\/\/swissmig.unine.ch\/index.php?rest_route=\/wp\/v2\/posts\/34615","targetHints":{"allow":["GET"]}}],"collection":[{"href":"https:\/\/swissmig.unine.ch\/index.php?rest_route=\/wp\/v2\/posts"}],"about":[{"href":"https:\/\/swissmig.unine.ch\/index.php?rest_route=\/wp\/v2\/types\/post"}],"author":[{"embeddable":true,"href":"https:\/\/swissmig.unine.ch\/index.php?rest_route=\/wp\/v2\/users\/4"}],"replies":[{"embeddable":true,"href":"https:\/\/swissmig.unine.ch\/index.php?rest_route=%2Fwp%2Fv2%2Fcomments&post=34615"}],"version-history":[{"count":0,"href":"https:\/\/swissmig.unine.ch\/index.php?rest_route=\/wp\/v2\/posts\/34615\/revisions"}],"wp:attachment":[{"href":"https:\/\/swissmig.unine.ch\/index.php?rest_route=%2Fwp%2Fv2%2Fmedia&parent=34615"}],"wp:term":[{"taxonomy":"category","embeddable":true,"href":"https:\/\/swissmig.unine.ch\/index.php?rest_route=%2Fwp%2Fv2%2Fcategories&post=34615"},{"taxonomy":"post_tag","embeddable":true,"href":"https:\/\/swissmig.unine.ch\/index.php?rest_route=%2Fwp%2Fv2%2Ftags&post=34615"}],"curies":[{"name":"wp","href":"https:\/\/api.w.org\/{rel}","templated":true}]}}