{"id":34573,"date":"2022-04-25T09:00:00","date_gmt":"2022-04-25T08:00:00","guid":{"rendered":"https:\/\/swissmig.wordpress.com\/?p=34573"},"modified":"2022-04-25T09:00:00","modified_gmt":"2022-04-25T08:00:00","slug":"nichtbezug-von-sozialhilfe-bei-auslander-innen-mit-aufent-halts-oder-niederlassungsbewilligung-in-der-schweiz","status":"publish","type":"post","link":"https:\/\/swissmig.unine.ch\/?p=34573","title":{"rendered":"Nichtbezug von Sozialhilfe bei Ausl\u00e4nder\/innen mit Aufent-halts- oder Niederlassungsbewilligung in der Schweiz"},"content":{"rendered":"<h3>Author(s) : J\u00fcrg Guggisberg, C\u00e9line Gerber<\/h3>\n<h3>Source : <a href=\"https:\/\/www.buerobass.ch\/fileadmin\/Files\/2022\/2022_Charta_Sozialhilfe_Nichtbezug_Sozialhilfe_DE.pdf\" target=\"_blank\" rel=\"noopener\">https:\/\/www.buerobass.ch\/fileadmin\/Files\/2022\/2022_Charta_Sozialhilfe_Nichtbezug_Sozialhilfe_DE.pdf<\/a><\/h3>\n<p><strong>Abstract: <\/strong><!--more--><\/p>\n<blockquote><p>Ergebnisse einer Onlinebefragung bei F\u00fchrungs- und Fachpersonen von staatlichen und nicht-staatlichen Institutionen im Migrations- und Sozialbereich sowie statistische Analysen zur Entwicklung des Sozialhilfebezugs 2016 bis 2019<\/p>\n<p>Im Kontext der verst\u00e4rkten Vermischung von Sozial- und Migrationspolitik sowie den Herausforderungen der Corona-Pandemie gibt es Beobachtungen und Bef\u00fcrchtungen, dass Ausl\u00e4nderinnen und Ausl\u00e4nder aus Angst vor negativen Folgen f\u00fcr ihr Aufenthaltsrecht vermehrt auf Sozialhilfe verzichten, obwohl sie darauf Anspruch h\u00e4tten. \u00dcber das tats\u00e4chliche Ausmass des Nicht-Bezugs von Sozialhilfe im migrationsrechtlichen Kontext ist nur sehr wenig bekannt. Die Untersuchung des B\u00fcro BASS nimmt eine empirische Ann\u00e4herung an dieses Ph\u00e4nomen vor, bei dem harte Zahlen naturgem\u00e4ss schwer zu finden sind.<\/p><\/blockquote>\n","protected":false},"excerpt":{"rendered":"<p>Author(s) : J\u00fcrg Guggisberg, C\u00e9line Gerber Source : https:\/\/www.buerobass.ch\/fileadmin\/Files\/2022\/2022_Charta_Sozialhilfe_Nichtbezug_Sozialhilfe_DE.pdf Abstract:<\/p>\n","protected":false},"author":4,"featured_media":0,"comment_status":"open","ping_status":"open","sticky":false,"template":"","format":"standard","meta":{"_kadence_starter_templates_imported_post":false,"_kad_post_transparent":"","_kad_post_title":"","_kad_post_layout":"","_kad_post_sidebar_id":"","_kad_post_content_style":"","_kad_post_vertical_padding":"","_kad_post_feature":"","_kad_post_feature_position":"","_kad_post_header":false,"_kad_post_footer":false,"_kad_post_classname":"","jetpack_post_was_ever_published":false,"_jetpack_newsletter_access":"","_jetpack_dont_email_post_to_subs":false,"_jetpack_newsletter_tier_id":0,"_jetpack_memberships_contains_paywalled_content":false,"_jetpack_memberships_contains_paid_content":false,"footnotes":""},"categories":[12],"tags":[722,570,73,36,313,308,314,340,315],"class_list":["post-34573","post","type-post","status-publish","format-standard","hentry","category-politics","tag-722","tag-assistance","tag-german-language","tag-migration-policy","tag-social-policy","tag-social-security","tag-social-services","tag-social-support","tag-welfare-state"],"jetpack_featured_media_url":"","jetpack_sharing_enabled":true,"_links":{"self":[{"href":"https:\/\/swissmig.unine.ch\/index.php?rest_route=\/wp\/v2\/posts\/34573","targetHints":{"allow":["GET"]}}],"collection":[{"href":"https:\/\/swissmig.unine.ch\/index.php?rest_route=\/wp\/v2\/posts"}],"about":[{"href":"https:\/\/swissmig.unine.ch\/index.php?rest_route=\/wp\/v2\/types\/post"}],"author":[{"embeddable":true,"href":"https:\/\/swissmig.unine.ch\/index.php?rest_route=\/wp\/v2\/users\/4"}],"replies":[{"embeddable":true,"href":"https:\/\/swissmig.unine.ch\/index.php?rest_route=%2Fwp%2Fv2%2Fcomments&post=34573"}],"version-history":[{"count":0,"href":"https:\/\/swissmig.unine.ch\/index.php?rest_route=\/wp\/v2\/posts\/34573\/revisions"}],"wp:attachment":[{"href":"https:\/\/swissmig.unine.ch\/index.php?rest_route=%2Fwp%2Fv2%2Fmedia&parent=34573"}],"wp:term":[{"taxonomy":"category","embeddable":true,"href":"https:\/\/swissmig.unine.ch\/index.php?rest_route=%2Fwp%2Fv2%2Fcategories&post=34573"},{"taxonomy":"post_tag","embeddable":true,"href":"https:\/\/swissmig.unine.ch\/index.php?rest_route=%2Fwp%2Fv2%2Ftags&post=34573"}],"curies":[{"name":"wp","href":"https:\/\/api.w.org\/{rel}","templated":true}]}}