{"id":34568,"date":"2022-04-18T08:00:00","date_gmt":"2022-04-18T07:00:00","guid":{"rendered":"https:\/\/swissmig.wordpress.com\/?p=34568"},"modified":"2022-04-18T08:00:00","modified_gmt":"2022-04-18T07:00:00","slug":"the-development-of-a-spanish-heritage-language-programm-for-children-in-german-switzerland-and-its-impact-on-community-perception-of-latin-american-immigrants-el-desarrollo-de-un-programa-de-espanol","status":"publish","type":"post","link":"https:\/\/swissmig.unine.ch\/?p=34568","title":{"rendered":"The development of a spanish heritage language programm for children in german switzerland and its impact on community perception of latin american immigrants \/ El desarrollo de un programa de espa\u00f1ol como  lengua de herencia para ni\u00f1os en la Suiza alemana y su impacto en la  percepci\u00f3n de la comunidad sobre los inmigrantes latinoamericanos"},"content":{"rendered":"<h3>Author(s) : Claudia Demkura<\/h3>\n<h3>Source : <a href=\"https:\/\/dialnet.unirioja.es\/servlet\/articulo?codigo=8344324\" target=\"_blank\" rel=\"noopener\">https:\/\/dialnet.unirioja.es\/servlet\/articulo?codigo=8344324<\/a><\/h3>\n<p><!--more--><\/p>\n<blockquote>\n<p>&#8220;If heritage languages are defined by their local sociolinguistic status and situation (Montrul, 2016), the case of Latin American Spanish in Switzerland was defined, at the start of this investigation as practically inexistent at the state level. Though Latin Americans in Switzerland seem to be larger in number than Spanish migrants, they face more obstacles when trying to be taken into account by heritage language development policies, especially in early childhood. The reasons are diverse, but perhaps the most important one is that they are not perceived as a group in need of special integration policies. The aim of this paper is to provide evidence of the impact a heritage language and culture development program which includes mixed groups (heritage and foreign language) had on the Swiss society\u2019s attitude towards Spanish speakers, especially (but not exclusively) Latin Americans living in the city of Wil and surrounding areas in the canton of St. Gallen. This work also presents evidence of the identity reconstruction process in migrant families. To this end, several impact indicators are defined and the creation process of the program together with the data record that took place between 2013 and 2020 are explained.&#8221;<\/p>\n<p>&#8220;Si las lenguas de herencia se definen por su estatus y situaci\u00f3n socioling\u00fc\u00edstica local (Montrul, 2016), el caso del espa\u00f1ol latino americano en Suiza se defin\u00eda, al principio de esta investigaci\u00f3n, desde el nivel estatal, pr\u00e1cticamente como inexistente. Siendo el grupo migrante latinoamericano mayor que el espa\u00f1ol, presenta sin embargo mayores dificultades al momento de acceder a pol\u00edticas de desarrollo de la lengua de herencia, sobre todo en edades tempranas. Las causas de esto son diversas, pero quiz\u00e1s la principal de ellas consiste en no ser percibidos como un grupo que necesite pol\u00edticas estatales de integraci\u00f3n. Este trabajo intenta registrar indicios del impacto producido por un programa de desarrollo de la lengua y cultura de herencia que incluye grupos mixtos (lengua de herencia y lengua extranjera) en la percepci\u00f3n que la sociedad suiza tiene respecto de los migrantes hispanohablantes, especialmente pero no exclusivamente latinoamericanos en la ciudad de Wil y alrededores en el cant\u00f3n San Galo, as\u00ed como tambi\u00e9n indicios del impacto que dicho programa produjo sobre el proceso de reconstrucci\u00f3n identitaria de las familias migrantes. Con este fin se definen diferentes indicadores de impacto y se desarrolla el proceso de creaci\u00f3n de dicho programa junto al registro de datos realizado entre los a\u00f1os 2013 y 2020 de dichos indicadores.&#8221;<\/p>\n<\/blockquote>\n\n\n<p><\/p>\n","protected":false},"excerpt":{"rendered":"<p>Author(s) : Claudia Demkura Source : https:\/\/dialnet.unirioja.es\/servlet\/articulo?codigo=8344324<\/p>\n","protected":false},"author":4,"featured_media":0,"comment_status":"open","ping_status":"open","sticky":false,"template":"","format":"standard","meta":{"_kadence_starter_templates_imported_post":false,"_kad_post_transparent":"","_kad_post_title":"","_kad_post_layout":"","_kad_post_sidebar_id":"","_kad_post_content_style":"","_kad_post_vertical_padding":"","_kad_post_feature":"","_kad_post_feature_position":"","_kad_post_header":false,"_kad_post_footer":false,"_kad_post_classname":"","jetpack_post_was_ever_published":false,"_jetpack_newsletter_access":"","_jetpack_dont_email_post_to_subs":false,"_jetpack_newsletter_tier_id":0,"_jetpack_memberships_contains_paywalled_content":false,"_jetpack_memberships_contains_paid_content":false,"footnotes":""},"categories":[167],"tags":[693,7,37,318,57,409,151,120,275,9,79,121,21,65,162,261,372,103,68,612],"class_list":["post-34568","post","type-post","status-publish","format-standard","hentry","category-ethnicity-languages-religion-arts","tag-693","tag-article","tag-attitudes-towards-migrants","tag-children","tag-comparative-analysis","tag-cultural-diversity","tag-cultural-identity","tag-data-analysis","tag-educational-programmes","tag-english-language","tag-equal-opportunities","tag-ethnic-minorities","tag-family","tag-language","tag-language-policy","tag-latin-americans","tag-multilingualism","tag-refugees","tag-sociolinguistics","tag-spanish-language"],"jetpack_featured_media_url":"","jetpack_sharing_enabled":true,"_links":{"self":[{"href":"https:\/\/swissmig.unine.ch\/index.php?rest_route=\/wp\/v2\/posts\/34568","targetHints":{"allow":["GET"]}}],"collection":[{"href":"https:\/\/swissmig.unine.ch\/index.php?rest_route=\/wp\/v2\/posts"}],"about":[{"href":"https:\/\/swissmig.unine.ch\/index.php?rest_route=\/wp\/v2\/types\/post"}],"author":[{"embeddable":true,"href":"https:\/\/swissmig.unine.ch\/index.php?rest_route=\/wp\/v2\/users\/4"}],"replies":[{"embeddable":true,"href":"https:\/\/swissmig.unine.ch\/index.php?rest_route=%2Fwp%2Fv2%2Fcomments&post=34568"}],"version-history":[{"count":0,"href":"https:\/\/swissmig.unine.ch\/index.php?rest_route=\/wp\/v2\/posts\/34568\/revisions"}],"wp:attachment":[{"href":"https:\/\/swissmig.unine.ch\/index.php?rest_route=%2Fwp%2Fv2%2Fmedia&parent=34568"}],"wp:term":[{"taxonomy":"category","embeddable":true,"href":"https:\/\/swissmig.unine.ch\/index.php?rest_route=%2Fwp%2Fv2%2Fcategories&post=34568"},{"taxonomy":"post_tag","embeddable":true,"href":"https:\/\/swissmig.unine.ch\/index.php?rest_route=%2Fwp%2Fv2%2Ftags&post=34568"}],"curies":[{"name":"wp","href":"https:\/\/api.w.org\/{rel}","templated":true}]}}