{"id":34560,"date":"2022-04-18T08:00:00","date_gmt":"2022-04-18T07:00:00","guid":{"rendered":"https:\/\/swissmig.wordpress.com\/?p=34560"},"modified":"2022-04-18T08:00:00","modified_gmt":"2022-04-18T07:00:00","slug":"representations-et-comportements-des-migrants-sans-papiers-en-matiere-dacces-et-de-recours-aux-services-de-sante-une-scoping-review","status":"publish","type":"post","link":"https:\/\/swissmig.unine.ch\/?p=34560","title":{"rendered":"Repr\u00e9sentations et comportements des migrants sans papiers en mati\u00e8re d\u2019acc\u00e8s et de recours aux services de sant\u00e9 : une scoping review"},"content":{"rendered":"<h3>Author(s) : Aude Michel<\/h3>\n<h3>Source : <a href=\"https:\/\/cigev.unige.ch\/files\/8316\/0692\/0282\/memoire_Aude_Michel.pdf\" target=\"_blank\" rel=\"noopener\">https:\/\/cigev.unige.ch\/files\/8316\/0692\/0282\/memoire_Aude_Michel.pdf<\/a><\/h3>\n<p><!--more--><\/p>\n<blockquote>\n<p>&#8220;<span id=\"page5R_mcid15\" class=\"markedContent\"><span dir=\"ltr\" role=\"presentation\">Les dispositions l\u00e9gales entourant la question<\/span> <span dir=\"ltr\" role=\"presentation\">de l\u2019acc\u00e8s aux services de sant\u00e9 pour les <\/span><span dir=\"ltr\" role=\"presentation\">migrants sans permis de s\u00e9jour sont extr\u00eamement variables selon les pays mais restent <\/span><span dir=\"ltr\" role=\"presentation\">souvent lacunaires. Il ressort que des barri\u00e8res structurelles mais aussi informelles viennent <\/span><span dir=\"ltr\" role=\"presentation\">limiter le recours aux soins pour cette population. <\/span><\/span><span id=\"page5R_mcid16\" class=\"markedContent\"><span dir=\"ltr\" role=\"presentation\">\u00c0 travers une<\/span> <span dir=\"ltr\" role=\"presentation\">scoping review, suivant la m\u00e9thode d\u00e9crite par Arksey &amp; O&#8217;Malley (2005), il <\/span><span dir=\"ltr\" role=\"presentation\">s\u2019agit d\u2019explorer quelles sont les connaissances sur le recours des migrants sans papiers aux <\/span><span dir=\"ltr\" role=\"presentation\">services de sant\u00e9. <\/span><\/span><span id=\"page5R_mcid17\" class=\"markedContent\"><span dir=\"ltr\" role=\"presentation\">Les 22 \u00e9tudes analys\u00e9es, r\u00e9pondant aux crit\u00e8res de s\u00e9lection, d\u00e9montrent que les sans-<\/span><span dir=\"ltr\" role=\"presentation\">papiers ont un comportement d\u2019\u00e9vitement et de retardement du recours aux soins, m\u00eame <\/span><span dir=\"ltr\" role=\"presentation\">lorsque le contexte leur assure pourtant un acc\u00e8s possible. Les craintes li\u00e9es aux risques de <\/span><span dir=\"ltr\" role=\"presentation\">d\u00e9couverte de leur statut ill\u00e9gal<\/span> <span dir=\"ltr\" role=\"presentation\">et l\u2019expulsion potentielle qui en d\u00e9coulerait constituent le <\/span><span dir=\"ltr\" role=\"presentation\">principal \u00e9l\u00e9ment influen\u00e7ant le rapport des sans-papiers aux services de sant\u00e9. Les autres <\/span><span dir=\"ltr\" role=\"presentation\">strat\u00e9gies entreprises,<\/span> <span dir=\"ltr\" role=\"presentation\">telles que l\u2019autom\u00e9dication, ainsi que le recours tardif aux soins ont <\/span><span dir=\"ltr\" role=\"presentation\">des cons\u00e9quences n\u00e9gatives sur l\u2019\u00e9tat de sant\u00e9 g\u00e9n\u00e9ral de cette population. <\/span><\/span><span id=\"page5R_mcid18\" class=\"markedContent\"><span dir=\"ltr\" role=\"presentation\">Les autorit\u00e9s de sant\u00e9 publique auraient ainsi<\/span> <span dir=\"ltr\" role=\"presentation\">int\u00e9r\u00eat \u00e0 entreprendre des interventions d\u2019une <\/span><span dir=\"ltr\" role=\"presentation\">part pour rendre accessible les services de sant\u00e9 aux sans-<\/span><span dir=\"ltr\" role=\"presentation\">papiers et d\u2019autre part pour les <\/span><span dir=\"ltr\" role=\"presentation\">rassurer quant \u00e0 la s\u00e9curit\u00e9 de la d\u00e9marche. Une r\u00e9flexion devrait aussi \u00eatre men\u00e9e au niveau <\/span><span dir=\"ltr\" role=\"presentation\">politique \u00e0 propos de l\u2019impact du statut d\u2019 \u00ab ill\u00e9galit\u00e9 \u00bb sur les conditions de vie et la sant\u00e9 de <\/span><span dir=\"ltr\" role=\"presentation\">ces migrants.<\/span><\/span>&#8220;<\/p>\n<\/blockquote>\n\n\n<p><\/p>\n","protected":false},"excerpt":{"rendered":"<p>Author(s) : Aude Michel Source : https:\/\/cigev.unige.ch\/files\/8316\/0692\/0282\/memoire_Aude_Michel.pdf<\/p>\n","protected":false},"author":4,"featured_media":0,"comment_status":"open","ping_status":"open","sticky":false,"template":"","format":"standard","meta":{"_kadence_starter_templates_imported_post":false,"_kad_post_transparent":"","_kad_post_title":"","_kad_post_layout":"","_kad_post_sidebar_id":"","_kad_post_content_style":"","_kad_post_vertical_padding":"","_kad_post_feature":"","_kad_post_feature_position":"","_kad_post_header":false,"_kad_post_footer":false,"_kad_post_classname":"","jetpack_post_was_ever_published":false,"_jetpack_newsletter_access":"","_jetpack_dont_email_post_to_subs":false,"_jetpack_newsletter_tier_id":0,"_jetpack_memberships_contains_paywalled_content":false,"_jetpack_memberships_contains_paid_content":false,"footnotes":""},"categories":[59],"tags":[285,556,120,52,192,133,294,319,103,207,42,340,621,181,262],"class_list":["post-34560","post","type-post","status-publish","format-standard","hentry","category-health","tag-285","tag-access-to-health-care","tag-data-analysis","tag-french-language","tag-health-behavior","tag-immigrant-policy","tag-irregular-migration","tag-master-thesis","tag-refugees","tag-social-networks","tag-social-psychology","tag-social-support","tag-street-level-bureaucracy","tag-survey","tag-undocumented-immigrants"],"jetpack_featured_media_url":"","jetpack_sharing_enabled":true,"_links":{"self":[{"href":"https:\/\/swissmig.unine.ch\/index.php?rest_route=\/wp\/v2\/posts\/34560","targetHints":{"allow":["GET"]}}],"collection":[{"href":"https:\/\/swissmig.unine.ch\/index.php?rest_route=\/wp\/v2\/posts"}],"about":[{"href":"https:\/\/swissmig.unine.ch\/index.php?rest_route=\/wp\/v2\/types\/post"}],"author":[{"embeddable":true,"href":"https:\/\/swissmig.unine.ch\/index.php?rest_route=\/wp\/v2\/users\/4"}],"replies":[{"embeddable":true,"href":"https:\/\/swissmig.unine.ch\/index.php?rest_route=%2Fwp%2Fv2%2Fcomments&post=34560"}],"version-history":[{"count":0,"href":"https:\/\/swissmig.unine.ch\/index.php?rest_route=\/wp\/v2\/posts\/34560\/revisions"}],"wp:attachment":[{"href":"https:\/\/swissmig.unine.ch\/index.php?rest_route=%2Fwp%2Fv2%2Fmedia&parent=34560"}],"wp:term":[{"taxonomy":"category","embeddable":true,"href":"https:\/\/swissmig.unine.ch\/index.php?rest_route=%2Fwp%2Fv2%2Fcategories&post=34560"},{"taxonomy":"post_tag","embeddable":true,"href":"https:\/\/swissmig.unine.ch\/index.php?rest_route=%2Fwp%2Fv2%2Ftags&post=34560"}],"curies":[{"name":"wp","href":"https:\/\/api.w.org\/{rel}","templated":true}]}}