{"id":34548,"date":"2022-04-11T08:00:00","date_gmt":"2022-04-11T07:00:00","guid":{"rendered":"https:\/\/swissmig.wordpress.com\/?p=34548"},"modified":"2022-04-11T08:00:00","modified_gmt":"2022-04-11T07:00:00","slug":"les-instruments-et-mecanismes-internationaux-en-matiere-de-lutte-contre-les-discriminations-raciales","status":"publish","type":"post","link":"https:\/\/swissmig.unine.ch\/?p=34548","title":{"rendered":"Les instruments et m\u00e9canismes internationaux en mati\u00e8re de lutte contre les discriminations raciales"},"content":{"rendered":"<h3>Author(s) : Fr\u00e9d\u00e9ric Bernard, Vista Vida Eskandari<\/h3>\n<h3>Source : <a href=\"https:\/\/archive-ouverte.unige.ch\/unige:159733\" target=\"_blank\" rel=\"noopener\">https:\/\/archive-ouverte.unige.ch\/unige:159733<\/a><\/h3>\n<p><!--more--><\/p>\n<blockquote>\n<p>&#8220;<span dir=\"ltr\" role=\"presentation\">Le num\u00e9ro sp\u00e9cial que<\/span> <span dir=\"ltr\" role=\"presentation\">Sous toutes r\u00e9serves<\/span> <span dir=\"ltr\" role=\"presentation\">consacre aux dis<\/span><span dir=\"ltr\" role=\"presentation\">criminations raciales en Suisse est un rappel important et <\/span><span dir=\"ltr\" role=\"presentation\">bienvenu de la n\u00e9cessit\u00e9 et de l\u2019urgence de lutter contre ce <\/span><span dir=\"ltr\" role=\"presentation\">ph\u00e9nom\u00e8ne. Il fournit \u00e9galement l\u2019occasion de faire le point <\/span><span dir=\"ltr\" role=\"presentation\">sur les divers instruments internationaux et m\u00e9canismes <\/span><span dir=\"ltr\" role=\"presentation\">liant la Suisse dans ce domaine et de s\u2019interroger sur l\u2019effica<\/span><span dir=\"ltr\" role=\"presentation\">cit\u00e9 de leur mise en \u0153uvre. [&#8230;] <\/span><span dir=\"ltr\" role=\"presentation\">Dans la pr\u00e9sente contribution, nous nous proposons de <\/span><span dir=\"ltr\" role=\"presentation\">pr\u00e9senter les principaux instruments internationaux en ma<\/span><span dir=\"ltr\" role=\"presentation\">ti\u00e8re de lutte contre les discriminations raciales<\/span><span dir=\"ltr\" role=\"presentation\">, <\/span><span dir=\"ltr\" role=\"presentation\">d\u2019\u00e9valuer l\u2019usage qui en est fait en Suisse<\/span><span dir=\"ltr\" role=\"presentation\"> puis <\/span><span dir=\"ltr\" role=\"presentation\">de conclure en ouvrant certaines perspectives<\/span><span dir=\"ltr\" role=\"presentation\">.<\/span>&#8220;<\/p>\n<\/blockquote>\n\n\n<p><\/p>\n","protected":false},"excerpt":{"rendered":"<p>Author(s) : Fr\u00e9d\u00e9ric Bernard, Vista Vida Eskandari Source : https:\/\/archive-ouverte.unige.ch\/unige:159733<\/p>\n","protected":false},"author":4,"featured_media":0,"comment_status":"open","ping_status":"open","sticky":false,"template":"","format":"standard","meta":{"_kadence_starter_templates_imported_post":false,"_kad_post_transparent":"","_kad_post_title":"","_kad_post_layout":"","_kad_post_sidebar_id":"","_kad_post_content_style":"","_kad_post_vertical_padding":"","_kad_post_feature":"","_kad_post_feature_position":"","_kad_post_header":false,"_kad_post_footer":false,"_kad_post_classname":"","jetpack_post_was_ever_published":false,"_jetpack_newsletter_access":"","_jetpack_dont_email_post_to_subs":false,"_jetpack_newsletter_tier_id":0,"_jetpack_memberships_contains_paywalled_content":false,"_jetpack_memberships_contains_paid_content":false,"footnotes":""},"categories":[53],"tags":[722,7,209,79,82,52,271,268,334,47,305],"class_list":["post-34548","post","type-post","status-publish","format-standard","hentry","category-law","tag-722","tag-article","tag-criminal-behaviour","tag-equal-opportunities","tag-ethnic-discrimination","tag-french-language","tag-human-rights-violations","tag-international-law","tag-racism","tag-social-inequalities","tag-united-nations"],"jetpack_featured_media_url":"","jetpack_sharing_enabled":true,"_links":{"self":[{"href":"https:\/\/swissmig.unine.ch\/index.php?rest_route=\/wp\/v2\/posts\/34548","targetHints":{"allow":["GET"]}}],"collection":[{"href":"https:\/\/swissmig.unine.ch\/index.php?rest_route=\/wp\/v2\/posts"}],"about":[{"href":"https:\/\/swissmig.unine.ch\/index.php?rest_route=\/wp\/v2\/types\/post"}],"author":[{"embeddable":true,"href":"https:\/\/swissmig.unine.ch\/index.php?rest_route=\/wp\/v2\/users\/4"}],"replies":[{"embeddable":true,"href":"https:\/\/swissmig.unine.ch\/index.php?rest_route=%2Fwp%2Fv2%2Fcomments&post=34548"}],"version-history":[{"count":0,"href":"https:\/\/swissmig.unine.ch\/index.php?rest_route=\/wp\/v2\/posts\/34548\/revisions"}],"wp:attachment":[{"href":"https:\/\/swissmig.unine.ch\/index.php?rest_route=%2Fwp%2Fv2%2Fmedia&parent=34548"}],"wp:term":[{"taxonomy":"category","embeddable":true,"href":"https:\/\/swissmig.unine.ch\/index.php?rest_route=%2Fwp%2Fv2%2Fcategories&post=34548"},{"taxonomy":"post_tag","embeddable":true,"href":"https:\/\/swissmig.unine.ch\/index.php?rest_route=%2Fwp%2Fv2%2Ftags&post=34548"}],"curies":[{"name":"wp","href":"https:\/\/api.w.org\/{rel}","templated":true}]}}