{"id":34534,"date":"2022-04-04T08:00:00","date_gmt":"2022-04-04T07:00:00","guid":{"rendered":"https:\/\/swissmig.wordpress.com\/?p=34534"},"modified":"2022-04-04T08:00:00","modified_gmt":"2022-04-04T07:00:00","slug":"programme-de-financement-ici-ensemble-pistes-scientifiques-et-empiriques","status":"publish","type":"post","link":"https:\/\/swissmig.unine.ch\/?p=34534","title":{"rendered":"Programme de financement \u00abici. ensemble\u00bb: pistes scientifiques et empiriques"},"content":{"rendered":"<h3>Author(s) : Dina Bader, Denise Efionayi-M\u00e4der<\/h3>\n<h3>Source : <a href=\"https:\/\/www.unine.ch\/sfm\/wp-content\/uploads\/sites\/100\/SFM-Studies-80f.pdf\" target=\"_blank\" rel=\"noopener\">https:\/\/www.unine.ch\/sfm\/wp-content\/uploads\/sites\/100\/SFM-Studies-80f.pdf<\/a><\/h3>\n<p><!--more--><\/p>\n<blockquote>\n<div class=\"hlFld-Abstract\">\n<div class=\"abstractSection abstractInFull\">&#8220;<span dir=\"ltr\" role=\"presentation\">Dans le cadre du programme de soutien \u00e0 la coh\u00e9sion en Suisse \u00abici.ensemble\u00bb de la F\u00e9d\u00e9ration<\/span><br role=\"presentation\" \/><span dir=\"ltr\" role=\"presentation\">des<\/span> <span dir=\"ltr\" role=\"presentation\">coop\u00e9ratives<\/span> <span dir=\"ltr\" role=\"presentation\">Migros,<\/span> <span dir=\"ltr\" role=\"presentation\">le<\/span> <span dir=\"ltr\" role=\"presentation\">pr\u00e9sent<\/span> <span dir=\"ltr\" role=\"presentation\">rapport<\/span> <span dir=\"ltr\" role=\"presentation\">s\u2019int\u00e9resse<\/span> <span dir=\"ltr\" role=\"presentation\">aux<\/span> <span dir=\"ltr\" role=\"presentation\">domaines<\/span> <span dir=\"ltr\" role=\"presentation\">des<\/span> <span dir=\"ltr\" role=\"presentation\">rencontres <\/span><span dir=\"ltr\" role=\"presentation\">interculturelles, du d\u00e9veloppement plurilingue des enfants de migrant\u00b7e\u00b7s en \u00e2ge pr\u00e9scolaire et du <\/span><span dir=\"ltr\" role=\"presentation\">d\u00e9veloppement des perspectives professionnelles des personnes migrantes arriv\u00e9es en Suisse \u00e0 <\/span><span dir=\"ltr\" role=\"presentation\">l\u2019\u00e2ge adulte. Il a pour mission de rapporter l\u2019\u00e9tat des connaissances actuelles dans ces trois <\/span><span dir=\"ltr\" role=\"presentation\">domaines th\u00e9matiques, de lister quelques initiatives pass\u00e9es et actuelles int\u00e9ressantes, et d\u2019\u00e9tablir <\/span><span dir=\"ltr\" role=\"presentation\">des recommandations permettant de soutenir et orienter les futurs projets s\u00e9lectionn\u00e9s dont <\/span><span dir=\"ltr\" role=\"presentation\">l\u2019\u00e9l\u00e9ment central est leur fondation bas\u00e9e sur le b\u00e9n\u00e9volat. Pour ce faire, les auteures se sont <\/span><span dir=\"ltr\" role=\"presentation\">repos\u00e9es sur une revue de la litt\u00e9rature nationale et internationale, la documentation disponible sur <\/span><span dir=\"ltr\" role=\"presentation\">Internet et quatre entretiens de sp\u00e9cialistes pour r\u00e9pondre aux interrogations des mandant\u00b7e\u00b7s list\u00e9es <\/span><span dir=\"ltr\" role=\"presentation\">ci-apr\u00e8s.<\/span>&#8220;<\/div>\n<div>\u00a0<\/div>\n<div><strong>Mots-cl\u00e9s<\/strong> : SFM Studies, integration programmes, volunteering, literature review, vocational training, multilingualism, intercultural relations, children, refugees<\/div>\n<\/div>\n<\/blockquote>\n\n\n<p><\/p>\n","protected":false},"excerpt":{"rendered":"<p>Author(s) : Dina Bader, Denise Efionayi-M\u00e4der Source : https:\/\/www.unine.ch\/sfm\/wp-content\/uploads\/sites\/100\/SFM-Studies-80f.pdf<\/p>\n","protected":false},"author":4,"featured_media":0,"comment_status":"open","ping_status":"open","sticky":false,"template":"","format":"standard","meta":{"_kadence_starter_templates_imported_post":false,"_kad_post_transparent":"","_kad_post_title":"","_kad_post_layout":"","_kad_post_sidebar_id":"","_kad_post_content_style":"","_kad_post_vertical_padding":"","_kad_post_feature":"","_kad_post_feature_position":"","_kad_post_header":false,"_kad_post_footer":false,"_kad_post_classname":"","jetpack_post_was_ever_published":false,"_jetpack_newsletter_access":"","_jetpack_dont_email_post_to_subs":false,"_jetpack_newsletter_tier_id":0,"_jetpack_memberships_contains_paywalled_content":false,"_jetpack_memberships_contains_paid_content":false,"footnotes":""},"categories":[24],"tags":[722,318,400,176,79,52,17,160,321,88,236,276,372,103,249,327,645,181,371,428,144],"class_list":["post-34534","post","type-post","status-publish","format-standard","hentry","category-society-family-racism","tag-722","tag-children","tag-cultural-competency","tag-economic-integration","tag-equal-opportunities","tag-french-language","tag-immigrants","tag-integration-programmes","tag-intercultural-policy","tag-intercultural-relations","tag-language-barriers","tag-literature-review","tag-multilingualism","tag-refugees","tag-report","tag-research","tag-sfm-studies","tag-survey","tag-vocational-training","tag-volunteering","tag-vulnerability"],"jetpack_featured_media_url":"","jetpack_sharing_enabled":true,"_links":{"self":[{"href":"https:\/\/swissmig.unine.ch\/index.php?rest_route=\/wp\/v2\/posts\/34534","targetHints":{"allow":["GET"]}}],"collection":[{"href":"https:\/\/swissmig.unine.ch\/index.php?rest_route=\/wp\/v2\/posts"}],"about":[{"href":"https:\/\/swissmig.unine.ch\/index.php?rest_route=\/wp\/v2\/types\/post"}],"author":[{"embeddable":true,"href":"https:\/\/swissmig.unine.ch\/index.php?rest_route=\/wp\/v2\/users\/4"}],"replies":[{"embeddable":true,"href":"https:\/\/swissmig.unine.ch\/index.php?rest_route=%2Fwp%2Fv2%2Fcomments&post=34534"}],"version-history":[{"count":0,"href":"https:\/\/swissmig.unine.ch\/index.php?rest_route=\/wp\/v2\/posts\/34534\/revisions"}],"wp:attachment":[{"href":"https:\/\/swissmig.unine.ch\/index.php?rest_route=%2Fwp%2Fv2%2Fmedia&parent=34534"}],"wp:term":[{"taxonomy":"category","embeddable":true,"href":"https:\/\/swissmig.unine.ch\/index.php?rest_route=%2Fwp%2Fv2%2Fcategories&post=34534"},{"taxonomy":"post_tag","embeddable":true,"href":"https:\/\/swissmig.unine.ch\/index.php?rest_route=%2Fwp%2Fv2%2Ftags&post=34534"}],"curies":[{"name":"wp","href":"https:\/\/api.w.org\/{rel}","templated":true}]}}