{"id":34525,"date":"2022-03-28T08:00:00","date_gmt":"2022-03-28T07:00:00","guid":{"rendered":"https:\/\/swissmig.wordpress.com\/?p=34525"},"modified":"2022-03-28T08:00:00","modified_gmt":"2022-03-28T07:00:00","slug":"muslimische-seelsorge-in-bundesasylzentren-evaluation-des-pilotprojekts-zuhanden-des-staatssekretariats-fur-migration","status":"publish","type":"post","link":"https:\/\/swissmig.unine.ch\/?p=34525","title":{"rendered":"Muslimische Seelsorge in Bundesasylzentren: Evaluation des Pilotprojekts zuhanden des Staatssekretariats f\u00fcr Migration"},"content":{"rendered":"<h3>Author(s) : Hansj\u00f6rg Schmid, Amir Sheikhzadegan, Aude Zurbuchen<\/h3>\n<h3>Source : <a href=\"https:\/\/www.sem.admin.ch\/dam\/sem\/de\/data\/asyl\/verfahren\/eval-muslimische-asylseelsorge.pdf\" target=\"_blank\" rel=\"noopener\">https:\/\/www.sem.admin.ch\/dam\/sem\/de\/data\/asyl\/verfahren\/eval-muslimische-asylseelsorge.pdf<\/a><\/h3>\n<p><!--more--><\/p>\n<blockquote>\n<p>&#8220;<span id=\"page7R_mcid1\" class=\"markedContent\"><span dir=\"ltr\" role=\"presentation\">Das Staatssekretariat f\u00fcr Migration (SEM) hat im Fr\u00fchjahr 2021 ein Pilotprojekt f\u00fcr muslimische <\/span><span dir=\"ltr\" role=\"presentation\">Asylseelsorge gestartet, welches vom Schweizerischen Zentrum f\u00fcr Islam und Gesellschaft <\/span><span dir=\"ltr\" role=\"presentation\">(SZIG) der Universit\u00e4t Freiburg begleitend evaluiert wurde. Im Rahmen des Pilotprojekts sind <\/span><span dir=\"ltr\" role=\"presentation\">f\u00fcnf muslimische Seelsorgende mit einem Stellenumfang von insgesamt 230% in acht Bundesas<\/span><span dir=\"ltr\" role=\"presentation\">ylzentren (BAZ) in den Asylregionen Westschweiz, Z\u00fcrich und Ostschweiz im Einsatz. Die Evalu<\/span><span dir=\"ltr\" role=\"presentation\">ation beruht auf 30 qualitativen Interviews mit Seelsorgenden, Mitarbeitenden der BAZ und<\/span><span dir=\"ltr\" role=\"presentation\">Gesuchstellenden sowie auf einer exemplarischen Auswertung von 175 Seelsorgegespr\u00e4chen. <\/span><\/span><span id=\"page7R_mcid2\" class=\"markedContent\"><span dir=\"ltr\" role=\"presentation\">Die Evaluation zeigt eine sehr hohe Wertsch\u00e4tzung der muslimischen Asylseelsorge auf <\/span><span dir=\"ltr\" role=\"presentation\">Seiten der Verantwortlichen der BAZ, der christlichen Seelsorgenden und der Gesuchstellenden. <\/span><span dir=\"ltr\" role=\"presentation\">Als externe Personen, die auch Alltagssituationen in den BAZ mit den Gesuchstellenden teilen, <\/span><span dir=\"ltr\" role=\"presentation\">nehmen die Seelsorgenden vielfach eine konfliktdeeskalierende Rolle wahr. Sie begleiten Ge<\/span><span dir=\"ltr\" role=\"presentation\">fl\u00fcchtete in schwierigen Lebenssituationen und unterst\u00fctzen diese bei der Bew\u00e4ltigung von <\/span><span dir=\"ltr\" role=\"presentation\">Konflikten und Krisensituationen.<\/span><\/span>&#8220;<\/p>\n<\/blockquote>\n\n\n<p><\/p>\n","protected":false},"excerpt":{"rendered":"<p>Author(s) : Hansj\u00f6rg Schmid, Amir Sheikhzadegan, Aude Zurbuchen Source :&#8230;<\/p>\n","protected":false},"author":4,"featured_media":0,"comment_status":"open","ping_status":"open","sticky":false,"template":"","format":"standard","meta":{"_kadence_starter_templates_imported_post":false,"_kad_post_transparent":"","_kad_post_title":"","_kad_post_layout":"","_kad_post_sidebar_id":"","_kad_post_content_style":"","_kad_post_vertical_padding":"","_kad_post_feature":"","_kad_post_feature_position":"","_kad_post_header":false,"_kad_post_footer":false,"_kad_post_classname":"","jetpack_post_was_ever_published":false,"_jetpack_newsletter_access":"","_jetpack_dont_email_post_to_subs":false,"_jetpack_newsletter_tier_id":0,"_jetpack_memberships_contains_paywalled_content":false,"_jetpack_memberships_contains_paid_content":false,"footnotes":""},"categories":[167],"tags":[722,715,483,409,73,154,223,180,116,177,617,103,444,168,249],"class_list":["post-34525","post","type-post","status-publish","format-standard","hentry","category-ethnicity-languages-religion-arts","tag-722","tag-christianity","tag-communities","tag-cultural-diversity","tag-german-language","tag-interviews","tag-islam","tag-multiculturalism","tag-muslims","tag-psychological-well-being","tag-refugee-centres","tag-refugees","tag-religious-institutions","tag-religious-practice","tag-report"],"jetpack_featured_media_url":"","jetpack_sharing_enabled":true,"_links":{"self":[{"href":"https:\/\/swissmig.unine.ch\/index.php?rest_route=\/wp\/v2\/posts\/34525","targetHints":{"allow":["GET"]}}],"collection":[{"href":"https:\/\/swissmig.unine.ch\/index.php?rest_route=\/wp\/v2\/posts"}],"about":[{"href":"https:\/\/swissmig.unine.ch\/index.php?rest_route=\/wp\/v2\/types\/post"}],"author":[{"embeddable":true,"href":"https:\/\/swissmig.unine.ch\/index.php?rest_route=\/wp\/v2\/users\/4"}],"replies":[{"embeddable":true,"href":"https:\/\/swissmig.unine.ch\/index.php?rest_route=%2Fwp%2Fv2%2Fcomments&post=34525"}],"version-history":[{"count":0,"href":"https:\/\/swissmig.unine.ch\/index.php?rest_route=\/wp\/v2\/posts\/34525\/revisions"}],"wp:attachment":[{"href":"https:\/\/swissmig.unine.ch\/index.php?rest_route=%2Fwp%2Fv2%2Fmedia&parent=34525"}],"wp:term":[{"taxonomy":"category","embeddable":true,"href":"https:\/\/swissmig.unine.ch\/index.php?rest_route=%2Fwp%2Fv2%2Fcategories&post=34525"},{"taxonomy":"post_tag","embeddable":true,"href":"https:\/\/swissmig.unine.ch\/index.php?rest_route=%2Fwp%2Fv2%2Ftags&post=34525"}],"curies":[{"name":"wp","href":"https:\/\/api.w.org\/{rel}","templated":true}]}}