{"id":34512,"date":"2022-03-28T08:00:00","date_gmt":"2022-03-28T07:00:00","guid":{"rendered":"https:\/\/swissmig.wordpress.com\/?p=34512"},"modified":"2022-03-28T08:00:00","modified_gmt":"2022-03-28T07:00:00","slug":"etude-sur-les-trajectoires-de-prise-en-charge-medicale-des-migrant-e-s-issu-e-s-du-domaine-de-lasile-dans-le-canton-de-vaud-phase-de-realisation","status":"publish","type":"post","link":"https:\/\/swissmig.unine.ch\/?p=34512","title":{"rendered":"Etude sur les trajectoires de prise en charge m\u00e9dicale des migrant-e-s issu-e-s du domaine de l\u2019asile dans le Canton de Vaud : phase de r\u00e9alisation"},"content":{"rendered":"<h3>Author(s) : Jacques Spycher, Rapha\u00ebl Bize, Joachim Marti<\/h3>\n<h3>Source : <a href=\"http:\/\/dx.doi.org\/10.16908\/issn.1660-7104\/318\" target=\"_blank\" rel=\"noopener\">http:\/\/dx.doi.org\/10.16908\/issn.1660-7104\/318<\/a><\/h3>\n<p><strong>Abstract: <\/strong><!--more--><\/p>\n<blockquote><p>&#8220;Ce rapport d\u00e9crit les donn\u00e9es, m\u00e9thodes d\u2019analyse et r\u00e9sultats de la phase de r\u00e9alisation de l\u2019\u00e9tude sur les trajectoires de prise en charge m\u00e9dicale des requ\u00e9rant\u00b7e\u00b7s d\u2019asile et des b\u00e9n\u00e9ficiaires de l\u2019aide d\u2019urgence dans le canton de Vaud (que nous appellerons conjointement \u00abmigrant\u00b7e\u00b7s iss\u00b7e\u00b7s du domaine de l\u2019asile\u00bb) qui sont enregistr\u00e9\u00b7e\u00b7s aupr\u00e8s de l\u2019Etablissement vaudois d\u2019accueil des migrants (EVAM). Ce rapport fait suite au rapport sur la phase pr\u00e9paratoire de l\u2019\u00e9tude. Cette \u00e9tude, dont le protocole a \u00e9t\u00e9 approuv\u00e9 par la Commission cantonale d&#8217;\u00e9thique de la recherche sur l&#8217;\u00eatre humain du canton de Vaud (CER-VD), a pour objectif de d\u00e9crire les trajectoires et les co\u00fbts li\u00e9s aux soins des migrant\u00b7e\u00b7s issu\u00b7e\u00b7s du domaine de l\u2019asile (MDA) et de comparer les caract\u00e9ristiques des MDA suivis par le R\u00e9seau de sant\u00e9 et migration (RESAMI) par rapport aux MDA suivis par le syst\u00e8me de sant\u00e9 ordinaire. Il s\u2019agit notamment de v\u00e9rifier si le RESAMI suit les MDA les plus vuln\u00e9rables, comme cela \u00e9tait pr\u00e9vu par le canton de Vaud. Cette \u00e9tude a \u00e9galement pour objectif d\u2019identifier un nombre limit\u00e9 d\u2019indicateurs facilitant le monitorage des activit\u00e9s du RESAMI \u00e0 des fins de pilotage.&#8221;<\/p><\/blockquote>\n","protected":false},"excerpt":{"rendered":"<p>Author(s) : Jacques Spycher, Rapha\u00ebl Bize, Joachim Marti Source :&#8230;<\/p>\n","protected":false},"author":4,"featured_media":0,"comment_status":"open","ping_status":"open","sticky":false,"template":"","format":"standard","meta":{"_kadence_starter_templates_imported_post":false,"_kad_post_transparent":"","_kad_post_title":"","_kad_post_layout":"","_kad_post_sidebar_id":"","_kad_post_content_style":"","_kad_post_vertical_padding":"","_kad_post_feature":"","_kad_post_feature_position":"","_kad_post_header":false,"_kad_post_footer":false,"_kad_post_classname":"","jetpack_post_was_ever_published":false,"_jetpack_newsletter_access":"","_jetpack_dont_email_post_to_subs":false,"_jetpack_newsletter_tier_id":0,"_jetpack_memberships_contains_paywalled_content":false,"_jetpack_memberships_contains_paid_content":false,"footnotes":""},"categories":[59],"tags":[693,50,15,52,192,157,472,276,473,185,435,90,249,314,370,144],"class_list":["post-34512","post","type-post","status-publish","format-standard","hentry","category-health","tag-693","tag-asylum-seekers","tag-economic-impact","tag-french-language","tag-health-behavior","tag-health-care","tag-infectious-diseases","tag-literature-review","tag-medical-screening","tag-mental-health","tag-motherhood","tag-reception-policy","tag-report","tag-social-services","tag-vaud","tag-vulnerability"],"jetpack_featured_media_url":"","jetpack_sharing_enabled":true,"_links":{"self":[{"href":"https:\/\/swissmig.unine.ch\/index.php?rest_route=\/wp\/v2\/posts\/34512","targetHints":{"allow":["GET"]}}],"collection":[{"href":"https:\/\/swissmig.unine.ch\/index.php?rest_route=\/wp\/v2\/posts"}],"about":[{"href":"https:\/\/swissmig.unine.ch\/index.php?rest_route=\/wp\/v2\/types\/post"}],"author":[{"embeddable":true,"href":"https:\/\/swissmig.unine.ch\/index.php?rest_route=\/wp\/v2\/users\/4"}],"replies":[{"embeddable":true,"href":"https:\/\/swissmig.unine.ch\/index.php?rest_route=%2Fwp%2Fv2%2Fcomments&post=34512"}],"version-history":[{"count":0,"href":"https:\/\/swissmig.unine.ch\/index.php?rest_route=\/wp\/v2\/posts\/34512\/revisions"}],"wp:attachment":[{"href":"https:\/\/swissmig.unine.ch\/index.php?rest_route=%2Fwp%2Fv2%2Fmedia&parent=34512"}],"wp:term":[{"taxonomy":"category","embeddable":true,"href":"https:\/\/swissmig.unine.ch\/index.php?rest_route=%2Fwp%2Fv2%2Fcategories&post=34512"},{"taxonomy":"post_tag","embeddable":true,"href":"https:\/\/swissmig.unine.ch\/index.php?rest_route=%2Fwp%2Fv2%2Ftags&post=34512"}],"curies":[{"name":"wp","href":"https:\/\/api.w.org\/{rel}","templated":true}]}}