{"id":3447,"date":"2020-01-20T09:00:12","date_gmt":"2020-01-20T08:00:12","guid":{"rendered":"https:\/\/swissmig.wordpress.com\/?p=3447"},"modified":"2020-01-20T09:00:12","modified_gmt":"2020-01-20T08:00:12","slug":"handbuch-migrationsrecht-schweiz-europa-und-bundesrechtliche-grundlagen-des-schweizerischen-asyl-und-auslanderrechts","status":"publish","type":"post","link":"https:\/\/swissmig.unine.ch\/?p=3447","title":{"rendered":"Handbuch Migrationsrecht Schweiz: Europa- und bundesrechtliche Grundlagen des schweizerischen Asyl- und Ausl\u00e4nderrechts"},"content":{"rendered":"<h3>Author(s) : Walter K\u00e4lin, Schweizerisches Kompetenzzentrum f\u00fcr Menschenrechte (SKMR)<\/h3>\n<h3>Source : <a href=\"https:\/\/www.skmr.ch\/cms\/upload\/pdf\/150609_Handbuch_Migrationsrecht_DE_Online.pdf\" target=\"_blank\" rel=\"noopener\">https:\/\/www.skmr.ch\/cms\/upload\/pdf\/150609_Handbuch_Migrationsrecht_DE_Online.pdf<\/a><\/h3>\n<p><strong>Abstract: <\/strong><!--more--><\/p>\n<blockquote><p>&#8220;Das schweizerische Asyl- und Ausl\u00e4nderrecht ist in den vergangenen Jahren zunehmend komplex und auch f\u00fcr Fachleute in all seinen Ver\u00e4stelungen nur mehr schwer \u00fcbersehbar geworden. Ein wichtiger Grund daf\u00fcr liegt in der vielschichtigen Verflechtung des schweizerischen mit dem europ\u00e4ischen Migrationsrecht. \u201eEuropa\u201c steht in diesem Zusammenhang f\u00fcr die Europ\u00e4ische Union, d.h. die reichhaltigen Regelungen der EU zu Freiz\u00fcgigkeitsfragen und asyl- und fl\u00fcchtlingsrechtlichen Themen auf der einen und f\u00fcr den Europarat, insbesondere f\u00fcr die reiche Rechtsprechung des Europ\u00e4ischen Gerichts-hofs f\u00fcr Menschenrechte (EGMR), auf der anderen Seite. Die Interaktion von \u201eBr\u00fcssel\u201c und \u201eStrassburg\u201c tr\u00e4gt zus\u00e4tzlich zur Komplexit\u00e4t bei, weshalb die Agentur der EU f\u00fcr Grundrechte (FRA) und der Europ\u00e4ische Gerichtshof f\u00fcr Menschenrechte ein Handbuch f\u00fcr die Praxis zu den europarechtlichen Grundlagen im Bereich Asyl, Grenzen und Migration herausgegeben haben, das seit kurzem in 2. Auflage vorliegt.&#8221;<\/p><\/blockquote>\n<p>&nbsp;<\/p>\n","protected":false},"excerpt":{"rendered":"<p>Author(s) : Walter K\u00e4lin, Schweizerisches Kompetenzzentrum f\u00fcr Menschenrechte (SKMR) Source&#8230;<\/p>\n","protected":false},"author":4,"featured_media":0,"comment_status":"open","ping_status":"open","sticky":false,"template":"","format":"standard","meta":{"_kadence_starter_templates_imported_post":false,"_kad_post_transparent":"","_kad_post_title":"","_kad_post_layout":"","_kad_post_sidebar_id":"","_kad_post_content_style":"","_kad_post_vertical_padding":"","_kad_post_feature":"","_kad_post_feature_position":"","_kad_post_header":false,"_kad_post_footer":false,"_kad_post_classname":"","jetpack_post_was_ever_published":false,"_jetpack_newsletter_access":"","_jetpack_dont_email_post_to_subs":false,"_jetpack_newsletter_tier_id":0,"_jetpack_memberships_contains_paywalled_content":false,"_jetpack_memberships_contains_paid_content":false,"footnotes":""},"categories":[53],"tags":[141,49,106,307,27,107,73,128,563,268,36,249],"class_list":["post-3447","post","type-post","status-publish","format-standard","hentry","category-law","tag-141","tag-asylum-policy","tag-border-controls","tag-civil-and-political-rights","tag-european-union","tag-freedom-of-movement","tag-german-language","tag-human-rights","tag-immigration-law","tag-international-law","tag-migration-policy","tag-report"],"jetpack_featured_media_url":"","jetpack_sharing_enabled":true,"_links":{"self":[{"href":"https:\/\/swissmig.unine.ch\/index.php?rest_route=\/wp\/v2\/posts\/3447","targetHints":{"allow":["GET"]}}],"collection":[{"href":"https:\/\/swissmig.unine.ch\/index.php?rest_route=\/wp\/v2\/posts"}],"about":[{"href":"https:\/\/swissmig.unine.ch\/index.php?rest_route=\/wp\/v2\/types\/post"}],"author":[{"embeddable":true,"href":"https:\/\/swissmig.unine.ch\/index.php?rest_route=\/wp\/v2\/users\/4"}],"replies":[{"embeddable":true,"href":"https:\/\/swissmig.unine.ch\/index.php?rest_route=%2Fwp%2Fv2%2Fcomments&post=3447"}],"version-history":[{"count":0,"href":"https:\/\/swissmig.unine.ch\/index.php?rest_route=\/wp\/v2\/posts\/3447\/revisions"}],"wp:attachment":[{"href":"https:\/\/swissmig.unine.ch\/index.php?rest_route=%2Fwp%2Fv2%2Fmedia&parent=3447"}],"wp:term":[{"taxonomy":"category","embeddable":true,"href":"https:\/\/swissmig.unine.ch\/index.php?rest_route=%2Fwp%2Fv2%2Fcategories&post=3447"},{"taxonomy":"post_tag","embeddable":true,"href":"https:\/\/swissmig.unine.ch\/index.php?rest_route=%2Fwp%2Fv2%2Ftags&post=3447"}],"curies":[{"name":"wp","href":"https:\/\/api.w.org\/{rel}","templated":true}]}}