{"id":34456,"date":"2022-02-28T08:00:00","date_gmt":"2022-02-28T07:00:00","guid":{"rendered":"https:\/\/swissmig.wordpress.com\/?p=34456"},"modified":"2022-02-28T08:00:00","modified_gmt":"2022-02-28T07:00:00","slug":"transnationalisme-en-action-associations-de-migrants-en-france-suisse-italie-et-developpement-agricole","status":"publish","type":"post","link":"https:\/\/swissmig.unine.ch\/?p=34456","title":{"rendered":"Transnationalisme en action. Associations de migrants en France, Suisse, Italie et d\u00e9veloppement agricole"},"content":{"rendered":"<h3>Author(s) : Jenny Maggi, Dame Sarr<\/h3>\n<h3>Source : (pp. 75-262) <a href=\"https:\/\/www.seismoverlag.ch\/site\/assets\/files\/17200\/oa_9782883517462.pdf\" target=\"_blank\" rel=\"noopener\">https:\/\/www.seismoverlag.ch\/site\/assets\/files\/17200\/oa_9782883517462.pdf<\/a><\/h3>\n<p><!--more--><\/p>\n<blockquote>\n<p>&#8220;<span dir=\"ltr\" role=\"presentation\">Ce chapitre est d\u00e9di\u00e9 aux \u00e9tudes de cas de la France, de la Suisse et de l\u2019Italie. <\/span><span dir=\"ltr\" role=\"presentation\">Nous allons nous pencher ici sur les formes prises par les engagements trans<\/span><span dir=\"ltr\" role=\"presentation\">nationaux \u00ab en action \u00bb des associations de migrants au niveau du d\u00e9veloppe<\/span><span dir=\"ltr\" role=\"presentation\">ment agricole durable des localit\u00e9s d\u2019origine. Les dynamiques associatives sont <\/span><span dir=\"ltr\" role=\"presentation\">abord\u00e9es en tenant compte des caract\u00e9ristiques du contexte sociopolitique <\/span><span dir=\"ltr\" role=\"presentation\">du pays d\u2019accueil o\u00f9 sont bas\u00e9es les associations de migrants consid\u00e9r\u00e9es <\/span><span dir=\"ltr\" role=\"presentation\">dans l\u2019analyse. De mani\u00e8re sp\u00e9cifique, il s\u2019agit d\u2019examiner de plus pr\u00e8s les <\/span><span dir=\"ltr\" role=\"presentation\">interrelations entre des facteurs contextuels tels que les politiques migration\/<\/span><span dir=\"ltr\" role=\"presentation\">d\u00e9veloppement et les caract\u00e9ristiques de la migration s\u00e9n\u00e9galaise dans un<\/span><br role=\"presentation\" \/><span dir=\"ltr\" role=\"presentation\">cadre d\u2019accueil donn\u00e9 et les engagements associatifs en faveur de l\u2019agriculture. <\/span><span dir=\"ltr\" role=\"presentation\">Pour chaque \u00e9tude de cas, sont consid\u00e9r\u00e9es en premier lieu les caract\u00e9ris<\/span><span dir=\"ltr\" role=\"presentation\">tiques principales de la migration s\u00e9n\u00e9galaise dans le pays consid\u00e9r\u00e9, avec <\/span><span dir=\"ltr\" role=\"presentation\">des r\u00e9f\u00e9rences \u00e0 son associationnisme. En deuxi\u00e8me lieu, sont abord\u00e9s les <\/span><span dir=\"ltr\" role=\"presentation\">\u00e9l\u00e9ments principaux des politiques et pratiques migration\/d\u00e9veloppement \u00e0 <\/span><span dir=\"ltr\" role=\"presentation\">l\u2019\u0153uvre dans le pays d\u2019accueil, en consid\u00e9rant aussi le niveau local d\u2019o\u00f9 \u00e9mane <\/span><span dir=\"ltr\" role=\"presentation\">l\u2019action associative examin\u00e9e. Troisi\u00e8mement, sont analys\u00e9es et discut\u00e9es de <\/span><span dir=\"ltr\" role=\"presentation\">mani\u00e8re approfondie les caract\u00e9ristiques multidimensionnelles des projets <\/span><span dir=\"ltr\" role=\"presentation\">initi\u00e9s dans le domaine de l\u2019agriculture par les associations consid\u00e9r\u00e9es.<\/span>&#8220;<\/p>\n<\/blockquote>\n\n\n<p><\/p>\n","protected":false},"excerpt":{"rendered":"<p>Author(s) : Jenny Maggi, Dame Sarr Source : (pp. 75-262)&#8230;<\/p>\n","protected":false},"author":4,"featured_media":0,"comment_status":"open","ping_status":"open","sticky":false,"template":"","format":"standard","meta":{"_kadence_starter_templates_imported_post":false,"_kad_post_transparent":"","_kad_post_title":"","_kad_post_layout":"","_kad_post_sidebar_id":"","_kad_post_content_style":"","_kad_post_vertical_padding":"","_kad_post_feature":"","_kad_post_feature_position":"","_kad_post_header":false,"_kad_post_footer":false,"_kad_post_classname":"","jetpack_post_was_ever_published":false,"_jetpack_newsletter_access":"","_jetpack_dont_email_post_to_subs":false,"_jetpack_newsletter_tier_id":0,"_jetpack_memberships_contains_paywalled_content":false,"_jetpack_memberships_contains_paid_content":false,"footnotes":""},"categories":[43],"tags":[722,561,119,32,57,564,197,52,253,104,66,90,535,340,26],"class_list":["post-34456","post","type-post","status-publish","format-standard","hentry","category-the-migration-phenomenon","tag-722","tag-agriculture","tag-associations","tag-book-chapter","tag-comparative-analysis","tag-development","tag-france","tag-french-language","tag-italy","tag-living-conditions","tag-migration","tag-reception-policy","tag-senegalese","tag-social-support","tag-transnationalism"],"jetpack_featured_media_url":"","jetpack_sharing_enabled":true,"_links":{"self":[{"href":"https:\/\/swissmig.unine.ch\/index.php?rest_route=\/wp\/v2\/posts\/34456","targetHints":{"allow":["GET"]}}],"collection":[{"href":"https:\/\/swissmig.unine.ch\/index.php?rest_route=\/wp\/v2\/posts"}],"about":[{"href":"https:\/\/swissmig.unine.ch\/index.php?rest_route=\/wp\/v2\/types\/post"}],"author":[{"embeddable":true,"href":"https:\/\/swissmig.unine.ch\/index.php?rest_route=\/wp\/v2\/users\/4"}],"replies":[{"embeddable":true,"href":"https:\/\/swissmig.unine.ch\/index.php?rest_route=%2Fwp%2Fv2%2Fcomments&post=34456"}],"version-history":[{"count":0,"href":"https:\/\/swissmig.unine.ch\/index.php?rest_route=\/wp\/v2\/posts\/34456\/revisions"}],"wp:attachment":[{"href":"https:\/\/swissmig.unine.ch\/index.php?rest_route=%2Fwp%2Fv2%2Fmedia&parent=34456"}],"wp:term":[{"taxonomy":"category","embeddable":true,"href":"https:\/\/swissmig.unine.ch\/index.php?rest_route=%2Fwp%2Fv2%2Fcategories&post=34456"},{"taxonomy":"post_tag","embeddable":true,"href":"https:\/\/swissmig.unine.ch\/index.php?rest_route=%2Fwp%2Fv2%2Ftags&post=34456"}],"curies":[{"name":"wp","href":"https:\/\/api.w.org\/{rel}","templated":true}]}}