{"id":3445,"date":"2020-01-20T09:00:04","date_gmt":"2020-01-20T08:00:04","guid":{"rendered":"https:\/\/swissmig.wordpress.com\/?p=3445"},"modified":"2020-01-20T09:00:04","modified_gmt":"2020-01-20T08:00:04","slug":"manuel-de-droit-suisse-des-migrations-bases-legales-europeennes-et-federales-du-droit-suisse-des-etrangers-et-de-lasile","status":"publish","type":"post","link":"https:\/\/swissmig.unine.ch\/?p=3445","title":{"rendered":"Manuel de droit suisse des migrations : bases l\u00e9gales europ\u00e9ennes et f\u00e9d\u00e9rales du droit suisse des \u00e9trangers et de l&#8217;asile"},"content":{"rendered":"<h3>Author(s) : Walter K\u00e4lin, Centre suisse de comp\u00e9tence pour les droits humains (CSDH)<\/h3>\n<h3>Source : <a href=\"https:\/\/www.skmr.ch\/cms\/upload\/pdf\/150730_manuel_migrations_FR_online.pdf\" target=\"_blank\" rel=\"noopener\">https:\/\/www.skmr.ch\/cms\/upload\/pdf\/150730_manuel_migrations_FR_online.pdf<\/a><\/h3>\n<p><strong>Abstract: <\/strong><!--more--><\/p>\n<blockquote><p>&#8220;Le droit suisse de l\u2019asile et des \u00e9trangers s\u2019est complexifi\u00e9 au cours de ces derni\u00e8res ann\u00e9es. Il est devenu de plus en plus difficile, m\u00eame pour les experts et expertes, de s\u2019orienter dans ses nombreuses ramifications. Une des causes principales de cette complexit\u00e9 accrue est l\u2019imbrication multiple du droit suisse avec le droit europ\u00e9en des migrations. Dans ce contexte, l\u2019\u00ab Europe \u00bb vient signifier, d\u2019une part, l\u2019Union europ\u00e9enne et, partant, le foisonnement de normes sur les questions de libre circulation et les th\u00e8mes relatifs au droit en mati\u00e8re d\u2019asile et des r\u00e9fugi\u00e9s. D\u2019autre part, elle d\u00e9signe le Conseil de l\u2019Europe et notamment la riche jurisprudence de la Cour europ\u00e9enne des droits de l\u2019homme (CourEDH). L\u2019interaction de \u00ab Bruxelles \u00bb et de \u00ab Strasbourg \u00bb vient contribuer \u00e0 cette complexit\u00e9. C\u2019est pourquoi l\u2019Agence des droits fondamentaux de l\u2019Union europ\u00e9enne (FRA) et la Cour europ\u00e9enne des droits de l\u2019homme ont pris l\u2019initiative de publier un manuel de droit europ\u00e9en en mati\u00e8re d\u2019asile, de fronti\u00e8res et d\u2019immigration destin\u00e9 \u00e0 la pratique.&#8221;<\/p><\/blockquote>\n<p>&nbsp;<\/p>\n","protected":false},"excerpt":{"rendered":"<p>Author(s) : Walter K\u00e4lin, Centre suisse de comp\u00e9tence pour les&#8230;<\/p>\n","protected":false},"author":4,"featured_media":0,"comment_status":"open","ping_status":"open","sticky":false,"template":"","format":"standard","meta":{"_kadence_starter_templates_imported_post":false,"_kad_post_transparent":"","_kad_post_title":"","_kad_post_layout":"","_kad_post_sidebar_id":"","_kad_post_content_style":"","_kad_post_vertical_padding":"","_kad_post_feature":"","_kad_post_feature_position":"","_kad_post_header":false,"_kad_post_footer":false,"_kad_post_classname":"","jetpack_post_was_ever_published":false,"_jetpack_newsletter_access":"","_jetpack_dont_email_post_to_subs":false,"_jetpack_newsletter_tier_id":0,"_jetpack_memberships_contains_paywalled_content":false,"_jetpack_memberships_contains_paid_content":false,"footnotes":""},"categories":[53],"tags":[141,49,106,307,27,107,52,128,563,268,36,249],"class_list":["post-3445","post","type-post","status-publish","format-standard","hentry","category-law","tag-141","tag-asylum-policy","tag-border-controls","tag-civil-and-political-rights","tag-european-union","tag-freedom-of-movement","tag-french-language","tag-human-rights","tag-immigration-law","tag-international-law","tag-migration-policy","tag-report"],"jetpack_featured_media_url":"","jetpack_sharing_enabled":true,"_links":{"self":[{"href":"https:\/\/swissmig.unine.ch\/index.php?rest_route=\/wp\/v2\/posts\/3445","targetHints":{"allow":["GET"]}}],"collection":[{"href":"https:\/\/swissmig.unine.ch\/index.php?rest_route=\/wp\/v2\/posts"}],"about":[{"href":"https:\/\/swissmig.unine.ch\/index.php?rest_route=\/wp\/v2\/types\/post"}],"author":[{"embeddable":true,"href":"https:\/\/swissmig.unine.ch\/index.php?rest_route=\/wp\/v2\/users\/4"}],"replies":[{"embeddable":true,"href":"https:\/\/swissmig.unine.ch\/index.php?rest_route=%2Fwp%2Fv2%2Fcomments&post=3445"}],"version-history":[{"count":0,"href":"https:\/\/swissmig.unine.ch\/index.php?rest_route=\/wp\/v2\/posts\/3445\/revisions"}],"wp:attachment":[{"href":"https:\/\/swissmig.unine.ch\/index.php?rest_route=%2Fwp%2Fv2%2Fmedia&parent=3445"}],"wp:term":[{"taxonomy":"category","embeddable":true,"href":"https:\/\/swissmig.unine.ch\/index.php?rest_route=%2Fwp%2Fv2%2Fcategories&post=3445"},{"taxonomy":"post_tag","embeddable":true,"href":"https:\/\/swissmig.unine.ch\/index.php?rest_route=%2Fwp%2Fv2%2Ftags&post=3445"}],"curies":[{"name":"wp","href":"https:\/\/api.w.org\/{rel}","templated":true}]}}