{"id":34437,"date":"2022-02-21T08:00:00","date_gmt":"2022-02-21T07:00:00","guid":{"rendered":"https:\/\/swissmig.wordpress.com\/?p=34437"},"modified":"2022-02-21T08:00:00","modified_gmt":"2022-02-21T07:00:00","slug":"die-statusrechte-von-fluchtlingen-gemass-der-genfer-fluchtlingskonvention-und-ihre-umsetzung-in-der-schweiz-teil-i-und-ii","status":"publish","type":"post","link":"https:\/\/swissmig.unine.ch\/?p=34437","title":{"rendered":"Die Statusrechte von Fl\u00fcchtlingen gem\u00e4ss der Genfer Fl\u00fcchtlingskonvention und ihre Umsetzung in der Schweiz. Teil I und II"},"content":{"rendered":"<h3>Author(s) : Nula Frei, Barbara von R\u00fctte<\/h3>\n<h3>Source : <a href=\"https:\/\/edoc.unibas.ch\/85568\/\" target=\"_blank\" rel=\"noopener\">https:\/\/edoc.unibas.ch\/85568\/<\/a><\/h3>\n<h3>Source : <a href=\"https:\/\/edoc.unibas.ch\/85568\/\" target=\"_blank\" rel=\"noopener\">https:\/\/edoc.unibas.ch\/85569\/<\/a><\/h3>\n<p><!--more--><\/p>\n<blockquote>\n<p>&#8220;Die GFK enth\u00e4lt verschiedene Rechte, die den weggefallenen Schutz des Heimatlandes ersetzen und Fl\u00fcchtlingen die Integration im Aufenthaltsstaat erleichtern sollen. Dieser Beitrag in zwei Teilen beleuchtet ausgew\u00e4hlte, f\u00fcr die heutige Praxis relevante Statusrechte. Der erste Teil in dieser Ausgabe behandelt das Diskriminierungsverbot (Art. 3) sowie die Rechte auf Eigentum (Art. 13, 14) und Erwerbst\u00e4tigkeit (Art. 17-19). Gem\u00e4ss den Autorinnen werden diese Rechte in der Schweiz teilweise nur unzureichend umgesetzt. &#8220;<\/p>\n<\/blockquote>\n\n\n<p><\/p>\n","protected":false},"excerpt":{"rendered":"<p>Author(s) : Nula Frei, Barbara von R\u00fctte Source : https:\/\/edoc.unibas.ch\/85568\/&#8230;<\/p>\n","protected":false},"author":4,"featured_media":0,"comment_status":"open","ping_status":"open","sticky":false,"template":"","format":"standard","meta":{"_kadence_starter_templates_imported_post":false,"_kad_post_transparent":"","_kad_post_title":"","_kad_post_layout":"","_kad_post_sidebar_id":"","_kad_post_content_style":"","_kad_post_vertical_padding":"","_kad_post_feature":"","_kad_post_feature_position":"","_kad_post_header":false,"_kad_post_footer":false,"_kad_post_classname":"","jetpack_post_was_ever_published":false,"_jetpack_newsletter_access":"","_jetpack_dont_email_post_to_subs":false,"_jetpack_newsletter_tier_id":0,"_jetpack_memberships_contains_paywalled_content":false,"_jetpack_memberships_contains_paid_content":false,"footnotes":""},"categories":[53],"tags":[693,7,92,82,609,73,268,667,719,643,91],"class_list":["post-34437","post","type-post","status-publish","format-standard","hentry","category-law","tag-693","tag-article","tag-country-of-origin","tag-ethnic-discrimination","tag-geneva-convention","tag-german-language","tag-international-law","tag-prejudice","tag-refugee-law","tag-refugee-status","tag-social-integration"],"jetpack_featured_media_url":"","jetpack_sharing_enabled":true,"_links":{"self":[{"href":"https:\/\/swissmig.unine.ch\/index.php?rest_route=\/wp\/v2\/posts\/34437","targetHints":{"allow":["GET"]}}],"collection":[{"href":"https:\/\/swissmig.unine.ch\/index.php?rest_route=\/wp\/v2\/posts"}],"about":[{"href":"https:\/\/swissmig.unine.ch\/index.php?rest_route=\/wp\/v2\/types\/post"}],"author":[{"embeddable":true,"href":"https:\/\/swissmig.unine.ch\/index.php?rest_route=\/wp\/v2\/users\/4"}],"replies":[{"embeddable":true,"href":"https:\/\/swissmig.unine.ch\/index.php?rest_route=%2Fwp%2Fv2%2Fcomments&post=34437"}],"version-history":[{"count":0,"href":"https:\/\/swissmig.unine.ch\/index.php?rest_route=\/wp\/v2\/posts\/34437\/revisions"}],"wp:attachment":[{"href":"https:\/\/swissmig.unine.ch\/index.php?rest_route=%2Fwp%2Fv2%2Fmedia&parent=34437"}],"wp:term":[{"taxonomy":"category","embeddable":true,"href":"https:\/\/swissmig.unine.ch\/index.php?rest_route=%2Fwp%2Fv2%2Fcategories&post=34437"},{"taxonomy":"post_tag","embeddable":true,"href":"https:\/\/swissmig.unine.ch\/index.php?rest_route=%2Fwp%2Fv2%2Ftags&post=34437"}],"curies":[{"name":"wp","href":"https:\/\/api.w.org\/{rel}","templated":true}]}}