{"id":34433,"date":"2022-02-21T08:00:00","date_gmt":"2022-02-21T07:00:00","guid":{"rendered":"https:\/\/swissmig.wordpress.com\/?p=34433"},"modified":"2022-02-21T08:00:00","modified_gmt":"2022-02-21T07:00:00","slug":"consequences-des-mesures-de-confinement-liees-au-covid-19-sur-les-conditions-de-vie-de-migrants-sans-papiers-ou-recemment-regularises-a-geneve","status":"publish","type":"post","link":"https:\/\/swissmig.unine.ch\/?p=34433","title":{"rendered":"Cons\u00e9quences des mesures de confinement li\u00e9es au COVID-19 sur les conditions de vie de migrants sans-papiers ou r\u00e9cemment r\u00e9gularis\u00e9s \u00e0 Gen\u00e8ve"},"content":{"rendered":"<h3>Author(s) : Aline Duvoisin<\/h3>\n<h3>Source : <a href=\"https:\/\/cigev.unige.ch\/files\/3716\/0692\/0389\/rapport_covid_parchemins_juillet2020.pdf\" target=\"_blank\" rel=\"noopener\">https:\/\/cigev.unige.ch\/files\/3716\/0692\/0389\/rapport_covid_parchemins_juillet2020.pdf<\/a><\/h3>\n<p><!--more--><\/p>\n<blockquote>\n<p>&#8220;<span id=\"page22R_mcid1\" class=\"markedContent\"><span dir=\"ltr\" role=\"presentation\">La pand\u00e9mie de COVID<\/span><span dir=\"ltr\" role=\"presentation\">&#8211;<\/span><span dir=\"ltr\" role=\"presentation\">19<\/span> <span dir=\"ltr\" role=\"presentation\">a<\/span> <span dir=\"ltr\" role=\"presentation\">agi comme un r\u00e9v\u00e9lateur et une cause d\u2019accentuation de vuln\u00e9rabilit\u00e9s et<\/span><br role=\"presentation\" \/><span dir=\"ltr\" role=\"presentation\">d&#8217;in\u00e9galit\u00e9s socio\u00e9conomiques pr\u00e9existantes \u00e0 l&#8217;\u00e9chelle globale, y compris dans les na<\/span><span dir=\"ltr\" role=\"presentation\">tions les plus<\/span><br role=\"presentation\" \/><span dir=\"ltr\" role=\"presentation\">privil\u00e9gi\u00e9es comme la Suisse<\/span><span dir=\"ltr\" role=\"presentation\">. <span id=\"page22R_mcid2\" class=\"markedContent\">En Suisse, les mesures f\u00e9d\u00e9rales de protection de la population contre la propagation du virus (semi-confinement \u00e0 domicile, limitation des activit\u00e9s \u00e9conomiques non essentielles, fermeture des \u00e9coles, etc.) mises en place d\u00e8s le mois de mars ont engendr\u00e9 une baisse rapide de l\u2019activit\u00e9 \u00e9conomique affectant la capacit\u00e9 de gain d\u2019un grand nombre de personnes. Bien que des mesures de compensation aient \u00e9t\u00e9 instaur\u00e9es, certaines cat\u00e9gories de travailleurs dont les migrants sans statut l\u00e9gal (sans-papiers) n\u2019y ont pas eu acc\u00e8s. L&#8217;accroissement de l&#8217;ins\u00e9curit\u00e9 \u00e9conomique a eu pour effet l\u2019\u00e9mergence rapide d\u2019un ph\u00e9nom\u00e8ne in\u00e9dit d\u2019ins\u00e9curit\u00e9 alimentaire parmi les groupes de populations les plus pr\u00e9caires. A Gen\u00e8ve, comme dans d&#8217;autres centres urbains, les demandes d&#8217;aide alimentaire ont rapidement augment\u00e9, rendant n\u00e9cessaire la mise en place en urgence de distributions alimentaires \u00e0 large \u00e9chelle d\u00e8s le mois d\u2019avril 2020. <\/span><span id=\"page22R_mcid3\" class=\"markedContent\">Le Canton de Gen\u00e8ve compte 10&#8217;000 \u00e0 15&#8217;000 migrants sans-papiers essentiellement actifs dans les domaines de l\u2019industrie, de l&#8217;\u00e9conomie domestique, du b\u00e2timent et de l\u2019h\u00f4tellerie-restauration. Suite \u00e0 une politique publique temporaire de r\u00e9gularisation du statut l\u00e9gal (Op\u00e9ration Papyrus) mise en place en 2017-2018, plus de 2000 personnes sans-papiers ont obtenu une autorisation de s\u00e9jour renouvelable (permis B), leur permettant th\u00e9oriquement d\u2019acc\u00e9der \u00e0 davantage de s\u00e9curit\u00e9 et d\u2019aides sur le plan social et \u00e9conomique. N\u00e9anmoins, le renouvellement de ce permis \u00e9tant notamment conditionn\u00e9 par l\u2019absence de d\u00e9pendance aux aides sociales publiques, le risque que ces personnes y renoncent, m\u00eame si elles font face \u00e0 une baisse significative de leur revenu, est important.<\/span><\/span><\/span>&#8220;<\/p>\n<\/blockquote>\n\n\n<p><\/p>\n","protected":false},"excerpt":{"rendered":"<p>Author(s) : Aline Duvoisin Source : https:\/\/cigev.unige.ch\/files\/3716\/0692\/0389\/rapport_covid_parchemins_juillet2020.pdf<\/p>\n","protected":false},"author":4,"featured_media":0,"comment_status":"open","ping_status":"open","sticky":false,"template":"","format":"standard","meta":{"_kadence_starter_templates_imported_post":false,"_kad_post_transparent":"","_kad_post_title":"","_kad_post_layout":"","_kad_post_sidebar_id":"","_kad_post_content_style":"","_kad_post_vertical_padding":"","_kad_post_feature":"","_kad_post_feature_position":"","_kad_post_header":false,"_kad_post_footer":false,"_kad_post_classname":"","jetpack_post_was_ever_published":false,"_jetpack_newsletter_access":"","_jetpack_dont_email_post_to_subs":false,"_jetpack_newsletter_tier_id":0,"_jetpack_memberships_contains_paywalled_content":false,"_jetpack_memberships_contains_paid_content":false,"footnotes":""},"categories":[24],"tags":[654,119,49,696,15,475,52,341,294,104,102,150,692,249,47,308,340,402,262,84,158],"class_list":["post-34433","post","type-post","status-publish","format-standard","hentry","category-society-family-racism","tag-654","tag-associations","tag-asylum-policy","tag-covid-19","tag-economic-impact","tag-food-insecurity","tag-french-language","tag-geneva","tag-irregular-migration","tag-living-conditions","tag-poverty","tag-precarious-employment","tag-public-policy","tag-report","tag-social-inequalities","tag-social-security","tag-social-support","tag-temporary-admission","tag-undocumented-immigrants","tag-unemployment","tag-working-conditions"],"jetpack_featured_media_url":"","jetpack_sharing_enabled":true,"_links":{"self":[{"href":"https:\/\/swissmig.unine.ch\/index.php?rest_route=\/wp\/v2\/posts\/34433","targetHints":{"allow":["GET"]}}],"collection":[{"href":"https:\/\/swissmig.unine.ch\/index.php?rest_route=\/wp\/v2\/posts"}],"about":[{"href":"https:\/\/swissmig.unine.ch\/index.php?rest_route=\/wp\/v2\/types\/post"}],"author":[{"embeddable":true,"href":"https:\/\/swissmig.unine.ch\/index.php?rest_route=\/wp\/v2\/users\/4"}],"replies":[{"embeddable":true,"href":"https:\/\/swissmig.unine.ch\/index.php?rest_route=%2Fwp%2Fv2%2Fcomments&post=34433"}],"version-history":[{"count":0,"href":"https:\/\/swissmig.unine.ch\/index.php?rest_route=\/wp\/v2\/posts\/34433\/revisions"}],"wp:attachment":[{"href":"https:\/\/swissmig.unine.ch\/index.php?rest_route=%2Fwp%2Fv2%2Fmedia&parent=34433"}],"wp:term":[{"taxonomy":"category","embeddable":true,"href":"https:\/\/swissmig.unine.ch\/index.php?rest_route=%2Fwp%2Fv2%2Fcategories&post=34433"},{"taxonomy":"post_tag","embeddable":true,"href":"https:\/\/swissmig.unine.ch\/index.php?rest_route=%2Fwp%2Fv2%2Ftags&post=34433"}],"curies":[{"name":"wp","href":"https:\/\/api.w.org\/{rel}","templated":true}]}}