{"id":34410,"date":"2022-02-14T08:00:00","date_gmt":"2022-02-14T07:00:00","guid":{"rendered":"https:\/\/swissmig.wordpress.com\/?p=34410"},"modified":"2022-02-14T08:00:00","modified_gmt":"2022-02-14T07:00:00","slug":"projet-de-creation-dune-association-daide-aux-ex-rmna-et-jeunes-adultes-issus-de-lasile-a-geneve","status":"publish","type":"post","link":"https:\/\/swissmig.unine.ch\/?p=34410","title":{"rendered":"Projet de cr\u00e9ation d\u2019une association d\u2019aide aux ex-RMNA et jeunes adultes issus de l\u2019asile \u00e0 Gen\u00e8ve"},"content":{"rendered":"<h3>Author(s) : Paula Bangoura<\/h3>\n<h3>Source : <a href=\"https:\/\/sonar.ch\/hesso\/documents\/315121\" target=\"_blank\" rel=\"noopener\">https:\/\/sonar.ch\/hesso\/documents\/315121<\/a><\/h3>\n<p><!--more--><\/p>\n<blockquote>\n<p>&#8220;La crise migratoire qu&#8217;a connue l\u2019Europe en 2015 a fait affluer aux portes de la Suisse plusieurs milliers de migrants. Figurait parmi ces demandeurs d\u2019asile, une population bien sp\u00e9cifique, les mineurs non accompagn\u00e9s. Ainsi, entre fin 2015 et 2016, Gen\u00e8ve a d\u00fb g\u00e9rer l\u2019accueil d\u2019un nombre important de jeunes requ\u00e9rants mineurs non accompagn\u00e9s, commun\u00e9ment nomm\u00e9 les RMNA. Malgr\u00e9 une prise en charge \u00e9tatique jug\u00e9e insuffisante par un ensemble d\u2019acteurs, aujourd\u2019hui les RMNA ont pour la plupart pass\u00e9 le cap de la majorit\u00e9. Ils sont \u00e0 pr\u00e9sent confront\u00e9s \u00e0 d\u2019autres enjeux, tels que le passage \u00e0 la majorit\u00e9, l\u2019insertion sociale et professionnelle dans leur soci\u00e9t\u00e9 d\u2019accueil. Occupant le poste de Gestionnaire financi\u00e8re administrative depuis 2015 dans l\u2019ancienne unit\u00e9 RMNA de l\u2019Aide aux migrants de l\u2019Hospice g\u00e9n\u00e9ral, j&#8217;ai, avec les ann\u00e9es, identifi\u00e9 des besoins sp\u00e9cifiques chez ces jeunes notamment en termes de rep\u00e8res et de gestion administrative. Au travers de ce travail, j\u2019ai dans un premier temps effectu\u00e9 un \u00e9tat des lieux du contexte de l\u2019asile en Suisse, puis une analyse des enjeux li\u00e9s aux Ex-RMNA et ai termin\u00e9 avec une recommandation concr\u00e8te qui porte sur la cr\u00e9ation de l&#8217;association \u201cActions pour l\u2019int\u00e9gration des Ex-RMNA et Jeunes adultes issus de l\u2019asile\u201d. L\u2019objectif \u00e9tant de participer \u00e0 l\u2019int\u00e9gration et l\u2019autonomisation de cette population. L\u2019association sera un guichet d\u2019informations pour les jeunes, et leur apportera un soutien administratif et social.&#8221;<\/p>\n<\/blockquote>\n\n\n<p><\/p>\n","protected":false},"excerpt":{"rendered":"<p>Author(s) : Paula Bangoura Source : https:\/\/sonar.ch\/hesso\/documents\/315121<\/p>\n","protected":false},"author":4,"featured_media":0,"comment_status":"open","ping_status":"open","sticky":false,"template":"","format":"standard","meta":{"_kadence_starter_templates_imported_post":false,"_kad_post_transparent":"","_kad_post_title":"","_kad_post_layout":"","_kad_post_sidebar_id":"","_kad_post_content_style":"","_kad_post_vertical_padding":"","_kad_post_feature":"","_kad_post_feature_position":"","_kad_post_header":false,"_kad_post_footer":false,"_kad_post_classname":"","jetpack_post_was_ever_published":false,"_jetpack_newsletter_access":"","_jetpack_dont_email_post_to_subs":false,"_jetpack_newsletter_tier_id":0,"_jetpack_memberships_contains_paywalled_content":false,"_jetpack_memberships_contains_paid_content":false,"footnotes":""},"categories":[24],"tags":[693,119,49,292,318,296,52,341,387,160,20,177,91,340,621,64,262],"class_list":["post-34410","post","type-post","status-publish","format-standard","hentry","category-society-family-racism","tag-693","tag-associations","tag-asylum-policy","tag-bachelor-thesis","tag-children","tag-entrepreneurship","tag-french-language","tag-geneva","tag-integration-policy","tag-integration-programmes","tag-migration-flows","tag-psychological-well-being","tag-social-integration","tag-social-support","tag-street-level-bureaucracy","tag-unaccompanied-minors","tag-undocumented-immigrants"],"jetpack_featured_media_url":"","jetpack_sharing_enabled":true,"_links":{"self":[{"href":"https:\/\/swissmig.unine.ch\/index.php?rest_route=\/wp\/v2\/posts\/34410","targetHints":{"allow":["GET"]}}],"collection":[{"href":"https:\/\/swissmig.unine.ch\/index.php?rest_route=\/wp\/v2\/posts"}],"about":[{"href":"https:\/\/swissmig.unine.ch\/index.php?rest_route=\/wp\/v2\/types\/post"}],"author":[{"embeddable":true,"href":"https:\/\/swissmig.unine.ch\/index.php?rest_route=\/wp\/v2\/users\/4"}],"replies":[{"embeddable":true,"href":"https:\/\/swissmig.unine.ch\/index.php?rest_route=%2Fwp%2Fv2%2Fcomments&post=34410"}],"version-history":[{"count":0,"href":"https:\/\/swissmig.unine.ch\/index.php?rest_route=\/wp\/v2\/posts\/34410\/revisions"}],"wp:attachment":[{"href":"https:\/\/swissmig.unine.ch\/index.php?rest_route=%2Fwp%2Fv2%2Fmedia&parent=34410"}],"wp:term":[{"taxonomy":"category","embeddable":true,"href":"https:\/\/swissmig.unine.ch\/index.php?rest_route=%2Fwp%2Fv2%2Fcategories&post=34410"},{"taxonomy":"post_tag","embeddable":true,"href":"https:\/\/swissmig.unine.ch\/index.php?rest_route=%2Fwp%2Fv2%2Ftags&post=34410"}],"curies":[{"name":"wp","href":"https:\/\/api.w.org\/{rel}","templated":true}]}}