{"id":34400,"date":"2022-02-07T08:00:00","date_gmt":"2022-02-07T07:00:00","guid":{"rendered":"https:\/\/swissmig.wordpress.com\/?p=34400"},"modified":"2022-02-07T08:00:00","modified_gmt":"2022-02-07T07:00:00","slug":"antisemitismus-in-der-schweiz-und-die-rolle-der-sozialen-arbeit","status":"publish","type":"post","link":"https:\/\/swissmig.unine.ch\/?p=34400","title":{"rendered":"Antisemitismus in der Schweiz und die Rolle der Sozialen Arbeit"},"content":{"rendered":"<h3>Author(s) : Dirk Baier<\/h3>\n<h3>Source : <a href=\"https:\/\/doi.org\/10.21256\/zhaw-23887\" target=\"_blank\" rel=\"noopener\">https:\/\/doi.org\/10.21256\/zhaw-23887<\/a><\/h3>\n<p><!--more--><\/p>\n<blockquote>\n<p>&#8220;Antisemitische Vorurteile finden sich seit Jahrhunderten in den L\u00e4ndern Europas. Sie sind mitverantwortlich f\u00fcr eine der gr\u00f6ssten Gr\u00e4ueltaten der Geschichte, den Holocaust. Diese negative historische Erfahrung erkl\u00e4rt, warum eine hohe gesellschaftliche Sensibilit\u00e4t f\u00fcr Feindlichkeiten gegen\u00fcber J\u00fcd*innen besteht. Aus Vorurteilen k\u00f6nnen verbale Herabsetzungen und daraus \u00dcbergriffe auf j\u00fcdische Einrichtungen und Personen resultieren \u2013 diese Eskalationsdynamik ist m\u00f6glichst fr\u00fchzeitig zu unterbinden. Im Zuge der andauernden Coronapandemie mehren sich aktuell Hinweise darauf, dass Antisemitismus wieder st\u00e4rker um sich greift.&#8221;<\/p>\n<\/blockquote>\n\n\n<p><\/p>\n","protected":false},"excerpt":{"rendered":"<p>Author(s) : Dirk Baier Source : https:\/\/doi.org\/10.21256\/zhaw-23887<\/p>\n","protected":false},"author":4,"featured_media":0,"comment_status":"open","ping_status":"open","sticky":false,"template":"","format":"standard","meta":{"_kadence_starter_templates_imported_post":false,"_kad_post_transparent":"","_kad_post_title":"","_kad_post_layout":"","_kad_post_sidebar_id":"","_kad_post_content_style":"","_kad_post_vertical_padding":"","_kad_post_feature":"","_kad_post_feature_position":"","_kad_post_header":false,"_kad_post_footer":false,"_kad_post_classname":"","jetpack_post_was_ever_published":false,"_jetpack_newsletter_access":"","_jetpack_dont_email_post_to_subs":false,"_jetpack_newsletter_tier_id":0,"_jetpack_memberships_contains_paywalled_content":false,"_jetpack_memberships_contains_paid_content":false,"footnotes":""},"categories":[24],"tags":[693,699,365,7,37,73,87,366,667,295,312,416],"class_list":["post-34400","post","type-post","status-publish","format-standard","hentry","category-society-family-racism","tag-693","tag-anti-racist-education","tag-anti-semitism","tag-article","tag-attitudes-towards-migrants","tag-german-language","tag-history","tag-jews","tag-prejudice","tag-prevention","tag-social-work","tag-violence"],"jetpack_featured_media_url":"","jetpack_sharing_enabled":true,"_links":{"self":[{"href":"https:\/\/swissmig.unine.ch\/index.php?rest_route=\/wp\/v2\/posts\/34400","targetHints":{"allow":["GET"]}}],"collection":[{"href":"https:\/\/swissmig.unine.ch\/index.php?rest_route=\/wp\/v2\/posts"}],"about":[{"href":"https:\/\/swissmig.unine.ch\/index.php?rest_route=\/wp\/v2\/types\/post"}],"author":[{"embeddable":true,"href":"https:\/\/swissmig.unine.ch\/index.php?rest_route=\/wp\/v2\/users\/4"}],"replies":[{"embeddable":true,"href":"https:\/\/swissmig.unine.ch\/index.php?rest_route=%2Fwp%2Fv2%2Fcomments&post=34400"}],"version-history":[{"count":0,"href":"https:\/\/swissmig.unine.ch\/index.php?rest_route=\/wp\/v2\/posts\/34400\/revisions"}],"wp:attachment":[{"href":"https:\/\/swissmig.unine.ch\/index.php?rest_route=%2Fwp%2Fv2%2Fmedia&parent=34400"}],"wp:term":[{"taxonomy":"category","embeddable":true,"href":"https:\/\/swissmig.unine.ch\/index.php?rest_route=%2Fwp%2Fv2%2Fcategories&post=34400"},{"taxonomy":"post_tag","embeddable":true,"href":"https:\/\/swissmig.unine.ch\/index.php?rest_route=%2Fwp%2Fv2%2Ftags&post=34400"}],"curies":[{"name":"wp","href":"https:\/\/api.w.org\/{rel}","templated":true}]}}