{"id":3439,"date":"2020-01-20T09:00:44","date_gmt":"2020-01-20T08:00:44","guid":{"rendered":"https:\/\/swissmig.wordpress.com\/?p=3439"},"modified":"2020-01-20T09:00:44","modified_gmt":"2020-01-20T08:00:44","slug":"la-lutte-contre-les-abus-dans-le-domaine-de-lasile-emergence-et-developpement-dun-discours-structurant-le-droit-dasile-suisse","status":"publish","type":"post","link":"https:\/\/swissmig.unine.ch\/?p=3439","title":{"rendered":"La lutte contre les abus dans le domaine de l&#8217;asile : \u00e9mergence et d\u00e9veloppement d&#8217;un discours structurant le droit d&#8217;asile suisse"},"content":{"rendered":"<h3>Author(s) : Nula Frei, Teresia Gordzielik, Cl\u00e9ment de Senarclens, Anne-C\u00e9cile Leyvraz, Robin St\u00fcnzi<\/h3>\n<h3>Source : <a href=\"https:\/\/boris.unibe.ch\/71697\/\" target=\"_blank\" rel=\"noopener\">https:\/\/boris.unibe.ch\/71697\/<\/a><\/h3>\n<p><strong>Abstract: <\/strong><!--more--><\/p>\n<blockquote><p>&#8220;La \u00ab lutte contre les abus \u00bb en mati\u00e8re d&#8217;asile s&#8217;est impos\u00e9e comme le discours dominant \u00e0 l&#8217;origine des multiples r\u00e9visions de la loi sur l&#8217;asile depuis son entr\u00e9e en vigueur en 1981. Cette contribution, issue d&#8217;un workshop tenu lors des journ\u00e9es des doctorant-e-s du Centre de droit des migrations en novembre 2013, se propose de porter un regard interdisciplinaire sur l&#8217;\u00e9mergence et le d\u00e9veloppement de cette notion, ainsi que sur le type de mesures adopt\u00e9es dans le cadre de ce discours.&#8221;<\/p><\/blockquote>\n","protected":false},"excerpt":{"rendered":"<p>Author(s) : Nula Frei, Teresia Gordzielik, Cl\u00e9ment de Senarclens, Anne-C\u00e9cile&#8230;<\/p>\n","protected":false},"author":4,"featured_media":0,"comment_status":"open","ping_status":"open","sticky":false,"template":"","format":"standard","meta":{"_kadence_starter_templates_imported_post":false,"_kad_post_transparent":"","_kad_post_title":"","_kad_post_layout":"","_kad_post_sidebar_id":"","_kad_post_content_style":"","_kad_post_vertical_padding":"","_kad_post_feature":"","_kad_post_feature_position":"","_kad_post_header":false,"_kad_post_footer":false,"_kad_post_classname":"","jetpack_post_was_ever_published":false,"_jetpack_newsletter_access":"","_jetpack_dont_email_post_to_subs":false,"_jetpack_newsletter_tier_id":0,"_jetpack_memberships_contains_paywalled_content":false,"_jetpack_memberships_contains_paid_content":false,"footnotes":""},"categories":[53],"tags":[6,111,49,37,575,152,583,164,52,87,464,272,643,309],"class_list":["post-3439","post","type-post","status-publish","format-standard","hentry","category-law","tag-6","tag-asylum-applications","tag-asylum-policy","tag-attitudes-towards-migrants","tag-civil-society","tag-discourse","tag-ethics","tag-exclusion","tag-french-language","tag-history","tag-nem-nee","tag-non-refoulement-principle","tag-refugee-status","tag-working-paper"],"jetpack_featured_media_url":"","jetpack_sharing_enabled":true,"_links":{"self":[{"href":"https:\/\/swissmig.unine.ch\/index.php?rest_route=\/wp\/v2\/posts\/3439","targetHints":{"allow":["GET"]}}],"collection":[{"href":"https:\/\/swissmig.unine.ch\/index.php?rest_route=\/wp\/v2\/posts"}],"about":[{"href":"https:\/\/swissmig.unine.ch\/index.php?rest_route=\/wp\/v2\/types\/post"}],"author":[{"embeddable":true,"href":"https:\/\/swissmig.unine.ch\/index.php?rest_route=\/wp\/v2\/users\/4"}],"replies":[{"embeddable":true,"href":"https:\/\/swissmig.unine.ch\/index.php?rest_route=%2Fwp%2Fv2%2Fcomments&post=3439"}],"version-history":[{"count":0,"href":"https:\/\/swissmig.unine.ch\/index.php?rest_route=\/wp\/v2\/posts\/3439\/revisions"}],"wp:attachment":[{"href":"https:\/\/swissmig.unine.ch\/index.php?rest_route=%2Fwp%2Fv2%2Fmedia&parent=3439"}],"wp:term":[{"taxonomy":"category","embeddable":true,"href":"https:\/\/swissmig.unine.ch\/index.php?rest_route=%2Fwp%2Fv2%2Fcategories&post=3439"},{"taxonomy":"post_tag","embeddable":true,"href":"https:\/\/swissmig.unine.ch\/index.php?rest_route=%2Fwp%2Fv2%2Ftags&post=3439"}],"curies":[{"name":"wp","href":"https:\/\/api.w.org\/{rel}","templated":true}]}}