{"id":34383,"date":"2022-02-07T08:00:00","date_gmt":"2022-02-07T07:00:00","guid":{"rendered":"https:\/\/swissmig.wordpress.com\/?p=34383"},"modified":"2022-02-07T08:00:00","modified_gmt":"2022-02-07T07:00:00","slug":"la-spectacularisation-des-appartenances-processus-interactifs-dethnicisation-et-de-racisation-du-religieux","status":"publish","type":"post","link":"https:\/\/swissmig.unine.ch\/?p=34383","title":{"rendered":"La spectacularisation des appartenances :  processus interactifs d\u2019ethnicisation et de racisation du religieux"},"content":{"rendered":"<h3>Author(s) : Monika Salzbrunn<\/h3>\n<h3>Source : <a href=\"https:\/\/serval.unil.ch\/resource\/serval:BIB_57E71CBE7F36.P001\/REF\" target=\"_blank\" rel=\"noopener\">https:\/\/serval.unil.ch\/resource\/serval:BIB_57E71CBE7F36.P001\/REF<\/a><\/h3>\n<p><!--more--><\/p>\n<blockquote>\n<p><span dir=\"ltr\" role=\"presentation\">&#8220;Comment s&#8217;articulent les imbrications entre racisat<\/span><span dir=\"ltr\" role=\"presentation\">ion et <\/span><span dir=\"ltr\" role=\"presentation\">ethnicisation des expressions religieuses socialeme<\/span><span dir=\"ltr\" role=\"presentation\">nt minoris\u00e9es ? <\/span><span dir=\"ltr\" role=\"presentation\">Qui produit les pr\u00e9jug\u00e9s raciaux et ethniques dans<\/span> <span dir=\"ltr\" role=\"presentation\">un contexte <\/span><span dir=\"ltr\" role=\"presentation\">historique ou politique particulier ? Dans quelle s<\/span><span dir=\"ltr\" role=\"presentation\">ituation sociale <\/span><span dir=\"ltr\" role=\"presentation\">ces tensions s&#8217;expriment-elles et comment est-il po<\/span><span dir=\"ltr\" role=\"presentation\">ssible de les <\/span><span dir=\"ltr\" role=\"presentation\">analyser sans tomber dans la r\u00e9ification de cat\u00e9gor<\/span><span dir=\"ltr\" role=\"presentation\">ies \u00e9tiques<\/span>\u00a0<span dir=\"ltr\" role=\"presentation\">? <\/span><span dir=\"ltr\" role=\"presentation\">Les r\u00e9sultats de plusieurs projets de recherche men<\/span><span dir=\"ltr\" role=\"presentation\">\u00e9s r\u00e9cemment <\/span><span dir=\"ltr\" role=\"presentation\">ont confirm\u00e9 que les processus de racisation et d&#8217;e<\/span><span dir=\"ltr\" role=\"presentation\">thnicisation des <\/span><span dir=\"ltr\" role=\"presentation\">appartenances et discours religieux se situent dans<\/span> <span dir=\"ltr\" role=\"presentation\">un processus <\/span><span dir=\"ltr\" role=\"presentation\">interactif qui implique plusieurs acteurs. Dans un<\/span> <span dir=\"ltr\" role=\"presentation\">contexte socio-<\/span><span dir=\"ltr\" role=\"presentation\">politique donn\u00e9, une situation sociale peut \u00eatre r\u00e9<\/span><span dir=\"ltr\" role=\"presentation\">v\u00e9latrice d&#8217;une <\/span><span dir=\"ltr\" role=\"presentation\">circulation d&#8217;assignations et de mobilisations de c<\/span><span dir=\"ltr\" role=\"presentation\">at\u00e9gories d&#8217;appar<\/span><span dir=\"ltr\" role=\"presentation\">tenance qui portent sur soi et sur les autres acteu<\/span><span dir=\"ltr\" role=\"presentation\">rs impliqu\u00e9s. L&#8217;optique comparative de notre lecture permet de distinguer les \u00e9l\u00e9ments provenant de la structure (notamment de la stratification socio-\u00e9conomique des migrants en question), de ceux relevant de la conjoncture politique, marqu\u00e9e par une forte ethnicisation du religieux (dans les m\u00e9dias et dans les discours politiques) \u00e0 laquelle r\u00e9agissent les personnes vis\u00e9es.&#8221;<\/span><\/p>\n<p><strong>Mots-cl\u00e9s : <\/strong>religion, racisation, ethnicit\u00e9, appartenances, pr\u00e9jug\u00e9s, minorit\u00e9s ethniques<\/p>\n<\/blockquote>\n\n\n<p><\/p>\n","protected":false},"excerpt":{"rendered":"<p>Author(s) : Monika Salzbrunn Source : https:\/\/serval.unil.ch\/resource\/serval:BIB_57E71CBE7F36.P001\/REF<\/p>\n","protected":false},"author":4,"featured_media":0,"comment_status":"open","ping_status":"open","sticky":false,"template":"","format":"standard","meta":{"_kadence_starter_templates_imported_post":false,"_kad_post_transparent":"","_kad_post_title":"","_kad_post_layout":"","_kad_post_sidebar_id":"","_kad_post_content_style":"","_kad_post_vertical_padding":"","_kad_post_feature":"","_kad_post_feature_position":"","_kad_post_header":false,"_kad_post_footer":false,"_kad_post_classname":"","jetpack_post_was_ever_published":false,"_jetpack_newsletter_access":"","_jetpack_dont_email_post_to_subs":false,"_jetpack_newsletter_tier_id":0,"_jetpack_memberships_contains_paywalled_content":false,"_jetpack_memberships_contains_paid_content":false,"footnotes":""},"categories":[167],"tags":[582,281,32,121,259,52,280,566,667,334,444,168],"class_list":["post-34383","post","type-post","status-publish","format-standard","hentry","category-ethnicity-languages-religion-arts","tag-582","tag-belonging","tag-book-chapter","tag-ethnic-minorities","tag-ethnicity","tag-french-language","tag-immigration-background","tag-islamophobia","tag-prejudice","tag-racism","tag-religious-institutions","tag-religious-practice"],"jetpack_featured_media_url":"","jetpack_sharing_enabled":true,"_links":{"self":[{"href":"https:\/\/swissmig.unine.ch\/index.php?rest_route=\/wp\/v2\/posts\/34383","targetHints":{"allow":["GET"]}}],"collection":[{"href":"https:\/\/swissmig.unine.ch\/index.php?rest_route=\/wp\/v2\/posts"}],"about":[{"href":"https:\/\/swissmig.unine.ch\/index.php?rest_route=\/wp\/v2\/types\/post"}],"author":[{"embeddable":true,"href":"https:\/\/swissmig.unine.ch\/index.php?rest_route=\/wp\/v2\/users\/4"}],"replies":[{"embeddable":true,"href":"https:\/\/swissmig.unine.ch\/index.php?rest_route=%2Fwp%2Fv2%2Fcomments&post=34383"}],"version-history":[{"count":0,"href":"https:\/\/swissmig.unine.ch\/index.php?rest_route=\/wp\/v2\/posts\/34383\/revisions"}],"wp:attachment":[{"href":"https:\/\/swissmig.unine.ch\/index.php?rest_route=%2Fwp%2Fv2%2Fmedia&parent=34383"}],"wp:term":[{"taxonomy":"category","embeddable":true,"href":"https:\/\/swissmig.unine.ch\/index.php?rest_route=%2Fwp%2Fv2%2Fcategories&post=34383"},{"taxonomy":"post_tag","embeddable":true,"href":"https:\/\/swissmig.unine.ch\/index.php?rest_route=%2Fwp%2Fv2%2Ftags&post=34383"}],"curies":[{"name":"wp","href":"https:\/\/api.w.org\/{rel}","templated":true}]}}