{"id":34368,"date":"2022-01-31T08:00:00","date_gmt":"2022-01-31T07:00:00","guid":{"rendered":"https:\/\/swissmig.wordpress.com\/?p=34368"},"modified":"2022-01-31T08:00:00","modified_gmt":"2022-01-31T07:00:00","slug":"quel-est-limpact-economique-du-covid-19-sur-les-personnes-sans-papiers-a-geneve","status":"publish","type":"post","link":"https:\/\/swissmig.unine.ch\/?p=34368","title":{"rendered":"Quel est l\u2019impact \u00e9conomique du Covid-19 sur les personnes sans-papiers \u00e0 Gen\u00e8ve ?"},"content":{"rendered":"<h3>Author(s) : Suarez Paz, Kenia Maria<\/h3>\n<h3>Source : <a href=\"https:\/\/sonar.ch\/hesso\/documents\/315171\" target=\"_blank\" rel=\"noopener\">https:\/\/sonar.ch\/hesso\/documents\/315171<\/a><\/h3>\n<p><!--more--><\/p>\n<blockquote>\n<p>&#8220;En mars 2020, la crise sanitaire mondiale du Covid-19 nous a contrainte \u00e0 repenser notre mani\u00e8re de vivre et d\u2019agir. N\u00e9anmoins, cette derni\u00e8re ne nous a, \u00e0 l\u2019\u00e9vidence, pas tous affect\u00e9 de la m\u00eame mani\u00e8re ni au m\u00eame degr\u00e9. Cette crise a notamment mis en lumi\u00e8re la pr\u00e9carit\u00e9 sociale contre laquelle une partie de la population de Gen\u00e8ve devait faire face. Les personnes sans-papiers \u00e0 Gen\u00e8ve ont \u00e9t\u00e9 les plus d\u00e9munies. Dans le cadre de ce travail, le focal se porte sur cette derni\u00e8re partie de la population genevoise sous l\u2019angle de la probl\u00e9matique suivante ; Quel est l\u2019impact \u00e9conomique du Covid-19 sur les personnes sans-papiers \u00e0 Gen\u00e8ve ? Mon \u00e9tude se penche donc sur deux aspects, \u00e0 savoir, la pand\u00e9mie du Covid-19 et le statut des sans-papiers \u00e0 Gen\u00e8ve. Dans un premier temps, je me suis renseign\u00e9e par le biais de diff\u00e9rentes documentations, articles de presse, \u00e9missions de radio et de t\u00e9l\u00e9vision ou encore des \u00e9tudes d\u00e9j\u00e0 men\u00e9es sur le sujet en vue de recueillir un panel d\u2019informations. Dans un deuxi\u00e8me temps, l\u2019\u00e9laboration d\u2019un questionnaire s\u2019est mise en place. Ce questionnaire a \u00e9t\u00e9 traduit en 5 langues, fran\u00e7ais, espagnol, portugais, anglais et albanais, afin d\u2019atteindre un maximum de personne de diff\u00e9rente r\u00e9gion et ainsi obtenir des informations qui refl\u00e8te au mieux la r\u00e9alit\u00e9. Ce dernier, m\u2019a permis de r\u00e9colter 107 r\u00e9ponses afin d\u2019obtenir le point de vue des personnes cibl\u00e9es, cette r\u00e9colte s\u2019est faite, directement sur place et dans plusieurs lieux diff\u00e9rents. Finalement, l\u2019analyse s\u2019est construite par le biais des questions et des croisements de variables afin de d\u00e9tecter de potentiels liens entre elles. Apr\u00e8s analyse des donn\u00e9es, concluons que, de mani\u00e8re g\u00e9n\u00e9rale, les femmes y sont les plus repr\u00e9sent\u00e9es et les emplois du secteur de l\u2019\u00e9conomie domestique, sont les plus impact\u00e9s par cette crise. La perte des heures de travail des sans-papiers de Gen\u00e8ve n\u2019am\u00e8ne, g\u00e9n\u00e9ralement, pas de compensation pour des absences temporaires voire aucun pr\u00e9avis, cela leur complique grandement leur quotidien, surtout lorsque l\u2019on sait que cette tranche de la population touche un bas salaire horaire. Par cons\u00e9quent, leurs budgets sont les plus impact\u00e9s. Pour beaucoup d\u2019entre eux, ils sont \u00e0 ce jour, un an apr\u00e8s le d\u00e9but de la crise sanitaire, encore autant touch\u00e9s, car ils ne disposent que de quelques heures de travail par semaine. De surcro\u00eet, ces personnes ne demandent aujourd\u2019hui pratiquement pas ou peu d\u2019aide aux institutions par crainte ou par m\u00e9connaissance des aides propos\u00e9es.&#8221;<\/p>\n<\/blockquote>\n<blockquote>\n<p><strong>Mots cl\u00e9s: <\/strong>Covid-19, impact \u00e9conomique, sans papiers, Gen\u00e8ve, Suisse, economy Geneva, Switzerland<\/p>\n<\/blockquote>\n<h4>\u00a0<\/h4>\n\n\n<p><\/p>\n","protected":false},"excerpt":{"rendered":"<p>Author(s) : Suarez Paz, Kenia Maria Source : https:\/\/sonar.ch\/hesso\/documents\/315171<\/p>\n","protected":false},"author":4,"featured_media":0,"comment_status":"open","ping_status":"open","sticky":false,"template":"","format":"standard","meta":{"_kadence_starter_templates_imported_post":false,"_kad_post_transparent":"","_kad_post_title":"","_kad_post_layout":"","_kad_post_sidebar_id":"","_kad_post_content_style":"","_kad_post_vertical_padding":"","_kad_post_feature":"","_kad_post_feature_position":"","_kad_post_header":false,"_kad_post_footer":false,"_kad_post_classname":"","jetpack_post_was_ever_published":false,"_jetpack_newsletter_access":"","_jetpack_dont_email_post_to_subs":false,"_jetpack_newsletter_tier_id":0,"_jetpack_memberships_contains_paywalled_content":false,"_jetpack_memberships_contains_paid_content":false,"footnotes":""},"categories":[24],"tags":[693,292,696,120,15,52,341,280,19,47,262,383,201,158],"class_list":["post-34368","post","type-post","status-publish","format-standard","hentry","category-society-family-racism","tag-693","tag-bachelor-thesis","tag-covid-19","tag-data-analysis","tag-economic-impact","tag-french-language","tag-geneva","tag-immigration-background","tag-labour-market","tag-social-inequalities","tag-undocumented-immigrants","tag-wages","tag-women","tag-working-conditions"],"jetpack_featured_media_url":"","jetpack_sharing_enabled":true,"_links":{"self":[{"href":"https:\/\/swissmig.unine.ch\/index.php?rest_route=\/wp\/v2\/posts\/34368","targetHints":{"allow":["GET"]}}],"collection":[{"href":"https:\/\/swissmig.unine.ch\/index.php?rest_route=\/wp\/v2\/posts"}],"about":[{"href":"https:\/\/swissmig.unine.ch\/index.php?rest_route=\/wp\/v2\/types\/post"}],"author":[{"embeddable":true,"href":"https:\/\/swissmig.unine.ch\/index.php?rest_route=\/wp\/v2\/users\/4"}],"replies":[{"embeddable":true,"href":"https:\/\/swissmig.unine.ch\/index.php?rest_route=%2Fwp%2Fv2%2Fcomments&post=34368"}],"version-history":[{"count":0,"href":"https:\/\/swissmig.unine.ch\/index.php?rest_route=\/wp\/v2\/posts\/34368\/revisions"}],"wp:attachment":[{"href":"https:\/\/swissmig.unine.ch\/index.php?rest_route=%2Fwp%2Fv2%2Fmedia&parent=34368"}],"wp:term":[{"taxonomy":"category","embeddable":true,"href":"https:\/\/swissmig.unine.ch\/index.php?rest_route=%2Fwp%2Fv2%2Fcategories&post=34368"},{"taxonomy":"post_tag","embeddable":true,"href":"https:\/\/swissmig.unine.ch\/index.php?rest_route=%2Fwp%2Fv2%2Ftags&post=34368"}],"curies":[{"name":"wp","href":"https:\/\/api.w.org\/{rel}","templated":true}]}}