{"id":34355,"date":"2022-01-24T08:00:00","date_gmt":"2022-01-24T07:00:00","guid":{"rendered":"https:\/\/swissmig.wordpress.com\/?p=34355"},"modified":"2022-01-24T08:00:00","modified_gmt":"2022-01-24T07:00:00","slug":"ausweis-c-und-einburgerung-perspektiven-fur-die-integration-in-der-schweiz","status":"publish","type":"post","link":"https:\/\/swissmig.unine.ch\/?p=34355","title":{"rendered":"Ausweis C und Einb\u00fcrgerung : Perspektiven f\u00fcr die Integration in der Schweiz"},"content":{"rendered":"<h3>Author(s) : Gianni D&#8217;Amato<\/h3>\n<h3>Source : <a href=\"https:\/\/asyl.recht.ch\/de\/artikel\/03asyl0421abh\/ausweis-c-und-einburgerung-perspektiven-fur-die-integration-der-schweiz\" target=\"_blank\" rel=\"noopener\">https:\/\/asyl.recht.ch\/de\/artikel\/03asyl0421abh\/ausweis-c-und-einburgerung-perspektiven-fur-die-integration-der-schweiz<\/a><\/h3>\n<p><!--more--><\/p>\n<blockquote>\n<p>&#8220;Im vorliegenden Beitrag untersucht der Autor die Bedeutung des Integrationsbegriffs sowie die Hintergr\u00fcnde und Entwicklung der Integrationsleitlinien der Schweiz in Form der aktuellen Bestimmungen des AIG und des B\u00fcG sowie der Integrationsagenda. W\u00e4hrend die Regelungen und Massnahmen zur Integrationsf\u00f6rderung auch positive Aspekte aufweisen, wird die M\u00f6glichkeit der Zur\u00fcckstufung des Aufenthaltsstatus als Sanktionsmassnahme kritisch beurteilt, da sie zu einer kontraproduktiven Prekarisierungsspirale f\u00fchren kann.&#8221;<\/p>\n<p>&#8220;Dans cet article, l\u2019auteur examine la signification du concept d\u2019int\u00e9gration ainsi que le contexte et le d\u00e9veloppement des directives d\u2019int\u00e9gration de la Suisse sous la forme des dispositions actuelles de la LEI et de la LN ainsi que de l\u2019agenda int\u00e9gration. Si les r\u00e9glementations et les mesures visant \u00e0 promouvoir l\u2019int\u00e9gration pr\u00e9sentent \u00e9galement des aspects positifs, la possibilit\u00e9 de d\u00e9classer le statut de s\u00e9jour en tant que mesure de sanction est \u00e9valu\u00e9e de mani\u00e8re critique, car elle peut entra\u00eener une spirale de pr\u00e9carit\u00e9 contre-productive.&#8221;<\/p>\n<\/blockquote>\n\n\n<p><\/p>\n","protected":false},"excerpt":{"rendered":"<p>Author(s) : Gianni D&#8217;Amato Source : https:\/\/asyl.recht.ch\/de\/artikel\/03asyl0421abh\/ausweis-c-und-einburgerung-perspektiven-fur-die-integration-der-schweiz<\/p>\n","protected":false},"author":4,"featured_media":0,"comment_status":"open","ping_status":"open","sticky":false,"template":"","format":"standard","meta":{"_kadence_starter_templates_imported_post":false,"_kad_post_transparent":"","_kad_post_title":"","_kad_post_layout":"","_kad_post_sidebar_id":"","_kad_post_content_style":"","_kad_post_vertical_padding":"","_kad_post_feature":"","_kad_post_feature_position":"","_kad_post_header":false,"_kad_post_footer":false,"_kad_post_classname":"","jetpack_post_was_ever_published":false,"_jetpack_newsletter_access":"","_jetpack_dont_email_post_to_subs":false,"_jetpack_newsletter_tier_id":0,"_jetpack_memberships_contains_paywalled_content":false,"_jetpack_memberships_contains_paid_content":false,"footnotes":""},"categories":[12],"tags":[693,7,50,70,164,73,87,387,129,102,643,166,91,402,144],"class_list":["post-34355","post","type-post","status-publish","format-standard","hentry","category-politics","tag-693","tag-article","tag-asylum-seekers","tag-citizenship","tag-exclusion","tag-german-language","tag-history","tag-integration-policy","tag-law","tag-poverty","tag-refugee-status","tag-residence-permits","tag-social-integration","tag-temporary-admission","tag-vulnerability"],"jetpack_featured_media_url":"","jetpack_sharing_enabled":true,"_links":{"self":[{"href":"https:\/\/swissmig.unine.ch\/index.php?rest_route=\/wp\/v2\/posts\/34355","targetHints":{"allow":["GET"]}}],"collection":[{"href":"https:\/\/swissmig.unine.ch\/index.php?rest_route=\/wp\/v2\/posts"}],"about":[{"href":"https:\/\/swissmig.unine.ch\/index.php?rest_route=\/wp\/v2\/types\/post"}],"author":[{"embeddable":true,"href":"https:\/\/swissmig.unine.ch\/index.php?rest_route=\/wp\/v2\/users\/4"}],"replies":[{"embeddable":true,"href":"https:\/\/swissmig.unine.ch\/index.php?rest_route=%2Fwp%2Fv2%2Fcomments&post=34355"}],"version-history":[{"count":0,"href":"https:\/\/swissmig.unine.ch\/index.php?rest_route=\/wp\/v2\/posts\/34355\/revisions"}],"wp:attachment":[{"href":"https:\/\/swissmig.unine.ch\/index.php?rest_route=%2Fwp%2Fv2%2Fmedia&parent=34355"}],"wp:term":[{"taxonomy":"category","embeddable":true,"href":"https:\/\/swissmig.unine.ch\/index.php?rest_route=%2Fwp%2Fv2%2Fcategories&post=34355"},{"taxonomy":"post_tag","embeddable":true,"href":"https:\/\/swissmig.unine.ch\/index.php?rest_route=%2Fwp%2Fv2%2Ftags&post=34355"}],"curies":[{"name":"wp","href":"https:\/\/api.w.org\/{rel}","templated":true}]}}