{"id":34352,"date":"2022-01-24T08:00:00","date_gmt":"2022-01-24T07:00:00","guid":{"rendered":"https:\/\/swissmig.wordpress.com\/?p=34352"},"modified":"2022-01-24T08:00:00","modified_gmt":"2022-01-24T07:00:00","slug":"migration-im-konflikt-zwischen-aussen-und-innenpolitik","status":"publish","type":"post","link":"https:\/\/swissmig.unine.ch\/?p=34352","title":{"rendered":"Migration: im Konflikt zwischen Aussen- und Innenpolitik"},"content":{"rendered":"<h3>Author(s) : Sandra Lavenex, Paula Hoffmeyer, Philipp Lutz<\/h3>\n<h3>Source : <a href=\"https:\/\/archive-ouverte.unige.ch\/unige:155945\" target=\"_blank\" rel=\"noopener\">https:\/\/archive-ouverte.unige.ch\/unige:155945<\/a><\/h3>\n<p><!--more--><\/p>\n<blockquote>\n<p>&#8220;<span dir=\"ltr\" role=\"presentation\">In den letzten drei Jahrzehnten hat sich<\/span> <span dir=\"ltr\" role=\"presentation\">Migration von einem vornehmlich innenpolitischen<\/span><br role=\"presentation\" \/><span dir=\"ltr\" role=\"presentation\">Politikfeld zu einem Kernbereich der internationalen Politik entwickelt. Dabei navigiert die<\/span><br role=\"presentation\" \/><span dir=\"ltr\" role=\"presentation\">Migrationsaussenpolitik<\/span> <span dir=\"ltr\" role=\"presentation\">der<\/span> <span dir=\"ltr\" role=\"presentation\">Schweiz<\/span> <span dir=\"ltr\" role=\"presentation\">im<\/span> <span dir=\"ltr\" role=\"presentation\">Fadenkreuz<\/span> <span dir=\"ltr\" role=\"presentation\">gegens\u00e4tzlicher<\/span> <span dir=\"ltr\" role=\"presentation\">Dynamiken.<\/span> <span dir=\"ltr\" role=\"presentation\">Einer<\/span><br role=\"presentation\" \/><span dir=\"ltr\" role=\"presentation\">anhaltend<\/span> <span dir=\"ltr\" role=\"presentation\">hohen<\/span> <span dir=\"ltr\" role=\"presentation\">wirtschaftliche<\/span><span dir=\"ltr\" role=\"presentation\">n<\/span> <span dir=\"ltr\" role=\"presentation\">Nachfrage<\/span> <span dir=\"ltr\" role=\"presentation\">nach<\/span> <span dir=\"ltr\" role=\"presentation\">internationaler<\/span> <span dir=\"ltr\" role=\"presentation\">Mobilit\u00e4t<\/span> <span dir=\"ltr\" role=\"presentation\">stehen<\/span><br role=\"presentation\" \/><span dir=\"ltr\" role=\"presentation\">gewachsene humanit\u00e4re Herausforderungen aufgrund von zunehmenden Konflikten und dem<\/span><br role=\"presentation\" \/><span dir=\"ltr\" role=\"presentation\">Zerfall \u00f6konomischer und \u00f6kologischer Lebensgrundlagen in<\/span> <span dir=\"ltr\" role=\"presentation\">verschiedenen<\/span> <span dir=\"ltr\" role=\"presentation\">Teilen der Welt<\/span><br role=\"presentation\" \/><span dir=\"ltr\" role=\"presentation\">entgegen.<\/span> <span dir=\"ltr\" role=\"presentation\">W\u00e4hrend<\/span> <span dir=\"ltr\" role=\"presentation\">diese<\/span> <span dir=\"ltr\" role=\"presentation\">externen<\/span> <span dir=\"ltr\" role=\"presentation\">Faktoren<\/span> <span dir=\"ltr\" role=\"presentation\">nach<\/span> <span dir=\"ltr\" role=\"presentation\">ver<\/span><span dir=\"ltr\" role=\"presentation\">st\u00e4r<\/span><span dir=\"ltr\" role=\"presentation\">kt<\/span><span dir=\"ltr\" role=\"presentation\">er<\/span> <span dir=\"ltr\" role=\"presentation\">internationaler<\/span><br role=\"presentation\" \/><span dir=\"ltr\" role=\"presentation\">Zusammenarbeit rufen,<\/span> <span dir=\"ltr\" role=\"presentation\">ist der<\/span> <span dir=\"ltr\" role=\"presentation\">innenpolitisch<\/span><span dir=\"ltr\" role=\"presentation\">e<\/span> <span dir=\"ltr\" role=\"presentation\">Widerstand gegen Zuwanderung und gegen die<\/span><br role=\"presentation\" \/><span dir=\"ltr\" role=\"presentation\">Einschr\u00e4nkung dieses Kernbereichs nationaler Souver\u00e4nit\u00e4t<\/span> <span dir=\"ltr\" role=\"presentation\">gestiegen<\/span><span dir=\"ltr\" role=\"presentation\">. Die Kon<\/span><span dir=\"ltr\" role=\"presentation\">sequenz ist<\/span><br role=\"presentation\" \/><span dir=\"ltr\" role=\"presentation\">eine<\/span> <span dir=\"ltr\" role=\"presentation\">ambitionierte,<\/span> <span dir=\"ltr\" role=\"presentation\">aber<\/span> <span dir=\"ltr\" role=\"presentation\">vo<\/span><span dir=\"ltr\" role=\"presentation\">n<\/span> <span dir=\"ltr\" role=\"presentation\">g<\/span><span dir=\"ltr\" role=\"presentation\">egens<\/span><span dir=\"ltr\" role=\"presentation\">\u00e4<\/span><span dir=\"ltr\" role=\"presentation\">tz<\/span><span dir=\"ltr\" role=\"presentation\">lichen<\/span> <span dir=\"ltr\" role=\"presentation\">wirtschaftliche<\/span><span dir=\"ltr\" role=\"presentation\">n<\/span><span dir=\"ltr\" role=\"presentation\">,<\/span> <span dir=\"ltr\" role=\"presentation\">humanit\u00e4re<\/span><span dir=\"ltr\" role=\"presentation\">n<\/span> <span dir=\"ltr\" role=\"presentation\">und<\/span><br role=\"presentation\" \/><span dir=\"ltr\" role=\"presentation\">sicherheitspolitische<\/span><span dir=\"ltr\" role=\"presentation\">n<\/span> <span dir=\"ltr\" role=\"presentation\">Ziele<\/span><span dir=\"ltr\" role=\"presentation\">n<\/span> <span dir=\"ltr\" role=\"presentation\">gepr\u00e4gte<\/span> <span dir=\"ltr\" role=\"presentation\">Migrationsaussenpolitik,<\/span> <span dir=\"ltr\" role=\"presentation\">deren<\/span> <span dir=\"ltr\" role=\"presentation\">Handlungsrahmen<\/span><br role=\"presentation\" \/><span dir=\"ltr\" role=\"presentation\">immer st\u00e4rker durch innenpolitische Debatten und Entscheidungen eingeschr\u00e4nkt w<\/span><span dir=\"ltr\" role=\"presentation\">ird.<\/span>&#8220;<\/p>\n<\/blockquote>\n\n\n<p><\/p>\n","protected":false},"excerpt":{"rendered":"<p>Author(s) : Sandra Lavenex, Paula Hoffmeyer, Philipp Lutz Source :&#8230;<\/p>\n","protected":false},"author":4,"featured_media":0,"comment_status":"open","ping_status":"open","sticky":false,"template":"","format":"standard","meta":{"_kadence_starter_templates_imported_post":false,"_kad_post_transparent":"","_kad_post_title":"","_kad_post_layout":"","_kad_post_sidebar_id":"","_kad_post_content_style":"","_kad_post_vertical_padding":"","_kad_post_feature":"","_kad_post_feature_position":"","_kad_post_header":false,"_kad_post_footer":false,"_kad_post_classname":"","jetpack_post_was_ever_published":false,"_jetpack_newsletter_access":"","_jetpack_dont_email_post_to_subs":false,"_jetpack_newsletter_tier_id":0,"_jetpack_memberships_contains_paywalled_content":false,"_jetpack_memberships_contains_paid_content":false,"footnotes":""},"categories":[12],"tags":[693,32,27,107,73,302,87,216,218,20,618,36,205,94,212],"class_list":["post-34352","post","type-post","status-publish","format-standard","hentry","category-politics","tag-693","tag-book-chapter","tag-european-union","tag-freedom-of-movement","tag-german-language","tag-governance","tag-history","tag-international-cooperation","tag-international-relations","tag-migration-flows","tag-migration-management","tag-migration-policy","tag-national-identity","tag-political-system","tag-security"],"jetpack_featured_media_url":"","jetpack_sharing_enabled":true,"_links":{"self":[{"href":"https:\/\/swissmig.unine.ch\/index.php?rest_route=\/wp\/v2\/posts\/34352","targetHints":{"allow":["GET"]}}],"collection":[{"href":"https:\/\/swissmig.unine.ch\/index.php?rest_route=\/wp\/v2\/posts"}],"about":[{"href":"https:\/\/swissmig.unine.ch\/index.php?rest_route=\/wp\/v2\/types\/post"}],"author":[{"embeddable":true,"href":"https:\/\/swissmig.unine.ch\/index.php?rest_route=\/wp\/v2\/users\/4"}],"replies":[{"embeddable":true,"href":"https:\/\/swissmig.unine.ch\/index.php?rest_route=%2Fwp%2Fv2%2Fcomments&post=34352"}],"version-history":[{"count":0,"href":"https:\/\/swissmig.unine.ch\/index.php?rest_route=\/wp\/v2\/posts\/34352\/revisions"}],"wp:attachment":[{"href":"https:\/\/swissmig.unine.ch\/index.php?rest_route=%2Fwp%2Fv2%2Fmedia&parent=34352"}],"wp:term":[{"taxonomy":"category","embeddable":true,"href":"https:\/\/swissmig.unine.ch\/index.php?rest_route=%2Fwp%2Fv2%2Fcategories&post=34352"},{"taxonomy":"post_tag","embeddable":true,"href":"https:\/\/swissmig.unine.ch\/index.php?rest_route=%2Fwp%2Fv2%2Ftags&post=34352"}],"curies":[{"name":"wp","href":"https:\/\/api.w.org\/{rel}","templated":true}]}}