{"id":34343,"date":"2022-01-24T08:00:00","date_gmt":"2022-01-24T07:00:00","guid":{"rendered":"https:\/\/swissmig.wordpress.com\/?p=34343"},"modified":"2022-01-24T08:00:00","modified_gmt":"2022-01-24T07:00:00","slug":"la-perception-des-inegalites-et-la-promotion-de-la-justice-sociale-par-de-futur-es-enseignant-es-issu-es-de-la-migration","status":"publish","type":"post","link":"https:\/\/swissmig.unine.ch\/?p=34343","title":{"rendered":"La perception des in\u00e9galit\u00e9s et la promotion de la justice sociale par de futur-es enseignant-es issu-es de la migration"},"content":{"rendered":"<h3>Author(s) : Olivier Del\u00e9vaux<\/h3>\n<h3>Source : <a href=\"https:\/\/doi.org\/10.51186\/journals\/ed.2021.11-1.e430\" target=\"_blank\" rel=\"noopener\">https:\/\/doi.org\/10.51186\/journals\/ed.2021.11-1.e430<\/a><\/h3>\n<p><!--more--><\/p>\n<blockquote>\n<section class=\"item abstract\">\n<p>&#8220;Les constats li\u00e9s \u00e0 la surrepr\u00e9sentation des \u00e9l\u00e8ves issu-es de la migration dans les fili\u00e8res de formation \u00e0 exigences \u00e9l\u00e9mentaires ou dans les structures de l\u2019enseignement sp\u00e9cialis\u00e9 montrent que, malgr\u00e9 la mise en \u00e9vidence depuis de nombreuses ann\u00e9es des m\u00e9canismes de discrimination syst\u00e9mique op\u00e9rant au sein du syst\u00e8me scolaire, l\u2019\u00e9volution en termes de r\u00e9ussite \u00e9ducative n\u2019est pas satisfaisante. Notre recherche qualitative s\u2019appuie sur 25 entretiens semi-dirig\u00e9s r\u00e9alis\u00e9s aupr\u00e8s de futur-es enseignant-es primaires issu-es de la migration de la Haute \u00e9cole p\u00e9dagogique du canton de Vaud \u00e0 Lausanne. Elle vise \u00e0 mettre en \u00e9vidence des exp\u00e9riences d\u2019injustices dans leur propre parcours, mais \u00e9galement leurs observations de discriminations li\u00e9es \u00e0 l\u2019origine des \u00e9l\u00e8ves dans le cadre des stages et \u00e0 \u00e9voquer des pistes visant un renforcement de la justice sociale au sein de l\u2019\u00e9cole. Les r\u00e9sultats montrent que la quasi-totalit\u00e9 des personnes interrog\u00e9es a \u00e9t\u00e9 confront\u00e9e personnellement \u00e0 des difficult\u00e9s en lien avec leur histoire migratoire. Leurs parcours scolaires et de formation sont souvent parsem\u00e9s d\u2019emb\u00fbches, peu lin\u00e9aires, et parfois marqu\u00e9s par des injustices manifestes. Ils sont \u00e9galement souvent t\u00e9moins, lors de leurs stages, de manifestations de discriminations visant les \u00e9l\u00e8ves issu-es de la migration. Les pistes \u00e9voqu\u00e9es impliquent les enseignant-es et s\u2019orientent vers les \u00e9l\u00e8ves, mais surtout vers leurs familles.&#8221;<\/p>\n<p><strong>Mots-cl\u00e9s<\/strong> : discrimination syst\u00e9mique, futur-es enseignant-es, in\u00e9galit\u00e9s scolaires, issu-es de la migration, justice sociale<\/p>\n<p>&#8220;Mechanisms of systemic discrimination operating within the school system have been highlighted for many years. Despite this fact, research has shown an over-representation of students with a migrant background in special education structures. This observation demonstrates that the evolution in terms of educational equity is not satisfactory. Our qualitative research is based on 25 semi-structured interviews with future primary school teachers with a migration background at Lausanne University of Teacher Education. It aims to highlight experiences of injustice in their own careers, but also their observations of discrimination related to the origin of students in the context of internships. Moreover, we wanted to explore possible ways to strengthen social justice within the school. Our results show that almost all the interviewees were personally confronted with difficulties related to their migration history. Their educational and training paths are often strewn with pitfalls, not very linear, and sometimes marked by obvious injustices. During their internships, they also often witnessed manifestations of discrimination against students with a migration background. The possible solutions mentioned involve the teachers and are directed towards the students themselves but especially towards their families.<\/p>\n<p><strong>Keywords:<\/strong> educational inequalities, future teachers, migrant backgrounds, social justice, systemic discrimination<\/p>\n<\/section>\n<\/blockquote>\n\n\n<p><\/p>\n","protected":false},"excerpt":{"rendered":"<p>Author(s) : Olivier Del\u00e9vaux Source : https:\/\/doi.org\/10.51186\/journals\/ed.2021.11-1.e430<\/p>\n","protected":false},"author":4,"featured_media":0,"comment_status":"open","ping_status":"open","sticky":false,"template":"","format":"standard","meta":{"_kadence_starter_templates_imported_post":false,"_kad_post_transparent":"","_kad_post_title":"","_kad_post_layout":"","_kad_post_sidebar_id":"","_kad_post_content_style":"","_kad_post_vertical_padding":"","_kad_post_feature":"","_kad_post_feature_position":"","_kad_post_header":false,"_kad_post_footer":false,"_kad_post_classname":"","jetpack_post_was_ever_published":false,"_jetpack_newsletter_access":"","_jetpack_dont_email_post_to_subs":false,"_jetpack_newsletter_tier_id":0,"_jetpack_memberships_contains_paywalled_content":false,"_jetpack_memberships_contains_paid_content":false,"footnotes":""},"categories":[61],"tags":[693,7,57,146,79,52,80,280,482,405,411,363,47,290,410,370],"class_list":["post-34343","post","type-post","status-publish","format-standard","hentry","category-education","tag-693","tag-article","tag-comparative-analysis","tag-discrimination","tag-equal-opportunities","tag-french-language","tag-higher-education","tag-immigration-background","tag-lausanne","tag-migratory-background","tag-perception","tag-school","tag-social-inequalities","tag-students","tag-teacher-education","tag-vaud"],"jetpack_featured_media_url":"","jetpack_sharing_enabled":true,"_links":{"self":[{"href":"https:\/\/swissmig.unine.ch\/index.php?rest_route=\/wp\/v2\/posts\/34343","targetHints":{"allow":["GET"]}}],"collection":[{"href":"https:\/\/swissmig.unine.ch\/index.php?rest_route=\/wp\/v2\/posts"}],"about":[{"href":"https:\/\/swissmig.unine.ch\/index.php?rest_route=\/wp\/v2\/types\/post"}],"author":[{"embeddable":true,"href":"https:\/\/swissmig.unine.ch\/index.php?rest_route=\/wp\/v2\/users\/4"}],"replies":[{"embeddable":true,"href":"https:\/\/swissmig.unine.ch\/index.php?rest_route=%2Fwp%2Fv2%2Fcomments&post=34343"}],"version-history":[{"count":0,"href":"https:\/\/swissmig.unine.ch\/index.php?rest_route=\/wp\/v2\/posts\/34343\/revisions"}],"wp:attachment":[{"href":"https:\/\/swissmig.unine.ch\/index.php?rest_route=%2Fwp%2Fv2%2Fmedia&parent=34343"}],"wp:term":[{"taxonomy":"category","embeddable":true,"href":"https:\/\/swissmig.unine.ch\/index.php?rest_route=%2Fwp%2Fv2%2Fcategories&post=34343"},{"taxonomy":"post_tag","embeddable":true,"href":"https:\/\/swissmig.unine.ch\/index.php?rest_route=%2Fwp%2Fv2%2Ftags&post=34343"}],"curies":[{"name":"wp","href":"https:\/\/api.w.org\/{rel}","templated":true}]}}