{"id":34322,"date":"2022-01-17T08:00:00","date_gmt":"2022-01-17T07:00:00","guid":{"rendered":"https:\/\/swissmig.wordpress.com\/?p=34322"},"modified":"2022-01-17T08:00:00","modified_gmt":"2022-01-17T07:00:00","slug":"das-phanomen-der-verschwundenen-fluchtlingskinder","status":"publish","type":"post","link":"https:\/\/swissmig.unine.ch\/?p=34322","title":{"rendered":"Das Ph\u00e4nomen der verschwundenen Fl\u00fcchtlingskinder"},"content":{"rendered":"<h3>Author(s) : Andrea Hartmann, Miryam Eser Davolio, Eva Mey<\/h3>\n<h3>Source : <a href=\"https:\/\/digitalcollection.zhaw.ch\/handle\/11475\/23254\" target=\"_blank\" rel=\"noopener\">https:\/\/digitalcollection.zhaw.ch\/handle\/11475\/23254<\/a><\/h3>\n<p><!--more--><\/p>\n<blockquote>\n<p>&#8220;Kinder und Jugendliche auf der Flucht sind besonders verletzlich. Insbesondere wenn sie ohne Begleitung von Erwachsenen unterwegs sind, ist ihre Situation noch prek\u00e4rer. Sie sind bereits auf der Flucht zahlreichen Abh\u00e4ngigkeitsverh\u00e4ltnissen ausgesetzt und \u00e4u\u00dferst vulnerabel f\u00fcr Ausbeutung jeglicher Art. Sch\u00e4tzungen zufolge werden in Europa \u00fcber zehntausend unbegleitete gefl\u00fcchtete Kinder und Jugendliche vermisst. \u00dcber Gr\u00fcnde des Verschwindens und den Verbleib ist wenig bekannt, doch geben zwei europ\u00e4ische Studien (ECPAT 2016; Missing Children Europe 2016) Hinweise, dass die Kinder in der Regel wenige Stunden nach Ankunft untertauchen und unklare Verantwortlichkeiten und Zust\u00e4ndigkeiten sowie fehlende internationale Zusammenarbeit eine Reaktion auf das Verschwinden erschweren.<\/p>\n<p>F\u00fcr die Schweiz gibt es kaum offizielle Statistiken, doch gibt es Hinweise, dass die Anzahl minderj\u00e4hriger Gefl\u00fcchteter, die ihre Asylunterk\u00fcnfte unkontrolliert verlassen und somit untertauchen in den letzten Jahren angestiegen ist. \u00dcber die Gr\u00fcnde und die Folgen f\u00fcr die Minderj\u00e4hrigen wird spekuliert, da sich Vieles im Dunkelfeld abspielt.<\/p>\n<p>Der vorliegende Beitrag beruht auf einer explorativen Untersuchung, welche das Ph\u00e4nomen der untergetauchten Fl\u00fcchtlingskinder in der Schweiz mit dem Ziel untersucht, das Ausma\u00df, Ursachen, Folgen, Intervention von Fachkr\u00e4ften sowie Pr\u00e4vention(-sm\u00f6glichkeiten) mit Hilfe von Expert*inneninterviews (N=5), statistischen Angaben und rechtlichen Rahmenbedingungen zu untersuchen.&#8221;<\/p>\n<p><strong>Schlagw\u00f6rter<\/strong>: Unbegleitete minderj\u00e4hrige Asylsuchende; Migration; Dunkelfeld; Kindesschutz; Missing children<\/p>\n<\/blockquote>\n\n\n<p><\/p>\n","protected":false},"excerpt":{"rendered":"<p>Author(s) : Andrea Hartmann, Miryam Eser Davolio, Eva Mey Source&#8230;<\/p>\n","protected":false},"author":4,"featured_media":0,"comment_status":"open","ping_status":"open","sticky":false,"template":"","format":"standard","meta":{"_kadence_starter_templates_imported_post":false,"_kad_post_transparent":"","_kad_post_title":"","_kad_post_layout":"","_kad_post_sidebar_id":"","_kad_post_content_style":"","_kad_post_vertical_padding":"","_kad_post_feature":"","_kad_post_feature_position":"","_kad_post_header":false,"_kad_post_footer":false,"_kad_post_classname":"","jetpack_post_was_ever_published":false,"_jetpack_newsletter_access":"","_jetpack_dont_email_post_to_subs":false,"_jetpack_newsletter_tier_id":0,"_jetpack_memberships_contains_paywalled_content":false,"_jetpack_memberships_contains_paid_content":false,"footnotes":""},"categories":[24],"tags":[693,7,50,318,58,73,128,66,102,295,401,143,64,262,144,118],"class_list":["post-34322","post","type-post","status-publish","format-standard","hentry","category-society-family-racism","tag-693","tag-article","tag-asylum-seekers","tag-children","tag-europe","tag-german-language","tag-human-rights","tag-migration","tag-poverty","tag-prevention","tag-social-workers","tag-statistical-data","tag-unaccompanied-minors","tag-undocumented-immigrants","tag-vulnerability","tag-youth"],"jetpack_featured_media_url":"","jetpack_sharing_enabled":true,"_links":{"self":[{"href":"https:\/\/swissmig.unine.ch\/index.php?rest_route=\/wp\/v2\/posts\/34322","targetHints":{"allow":["GET"]}}],"collection":[{"href":"https:\/\/swissmig.unine.ch\/index.php?rest_route=\/wp\/v2\/posts"}],"about":[{"href":"https:\/\/swissmig.unine.ch\/index.php?rest_route=\/wp\/v2\/types\/post"}],"author":[{"embeddable":true,"href":"https:\/\/swissmig.unine.ch\/index.php?rest_route=\/wp\/v2\/users\/4"}],"replies":[{"embeddable":true,"href":"https:\/\/swissmig.unine.ch\/index.php?rest_route=%2Fwp%2Fv2%2Fcomments&post=34322"}],"version-history":[{"count":0,"href":"https:\/\/swissmig.unine.ch\/index.php?rest_route=\/wp\/v2\/posts\/34322\/revisions"}],"wp:attachment":[{"href":"https:\/\/swissmig.unine.ch\/index.php?rest_route=%2Fwp%2Fv2%2Fmedia&parent=34322"}],"wp:term":[{"taxonomy":"category","embeddable":true,"href":"https:\/\/swissmig.unine.ch\/index.php?rest_route=%2Fwp%2Fv2%2Fcategories&post=34322"},{"taxonomy":"post_tag","embeddable":true,"href":"https:\/\/swissmig.unine.ch\/index.php?rest_route=%2Fwp%2Fv2%2Ftags&post=34322"}],"curies":[{"name":"wp","href":"https:\/\/api.w.org\/{rel}","templated":true}]}}