{"id":3432,"date":"2020-01-20T09:00:52","date_gmt":"2020-01-20T08:00:52","guid":{"rendered":"https:\/\/swissmig.wordpress.com\/?p=3432"},"modified":"2020-01-20T09:00:52","modified_gmt":"2020-01-20T08:00:52","slug":"village-making-in-the-city-communities-of-roma-migrants-and-anti-gypsyism-in-geneva-faire-village-en-ville-communautes-de-migrants-roms-et-anti-tsiganisme-a-geneve","status":"publish","type":"post","link":"https:\/\/swissmig.unine.ch\/?p=3432","title":{"rendered":"\u201cVillage-making in the city\u201d: Communities of Roma migrants and anti-Gypsyism in Geneva \/ &#8220;Faire village en ville&#8221; : communaut\u00e9s de migrants roms et anti-tsiganisme \u00e0 Gen\u00e8ve"},"content":{"rendered":"<h3>Author(s) : Monica Battaglini, Iulia Hasdeu<\/h3>\n<h3>Source : <a href=\"http:\/\/dx.doi.org\/10.7340\/anuac2239-625X-2930\" target=\"_blank\" rel=\"noopener\"> http:\/\/dx.doi.org\/10.7340\/anuac2239-625X-2930<\/a><\/h3>\n<p><strong>Abstract: <\/strong><!--more--><\/p>\n<blockquote><p>&#8220;The present article, developed out of a research project which lasted several years, analyses the tensions between, on one side, Romanian Roma back-and-forth migrants, and on the other side, Geneva&#8217;s police. In the last decade, these tensions are mostly linked to begging (an activity which provides small daily incomes to the majority of the 250 Romanian Roma living in the city), that is since 2007 a crime. These tensions between police officers and Roma are part of a wider European punishing-the-poor urban governance model, and bring to the exclusion of other actors from the public action. Through the interaction between the moral and symbolic violence linked to police intervention, the high visibility of Roma in public place and their reconnection with previous experiences, such tensions re-create the ethnic divide between Roma and non-Roma. As a consequence, Roma who have their roots in rural and peri-urban Transylvania use their \u201cvillage making\u201d practices to perform a symbolic and social appropriation of the town notwithstanding \u201canti-Gypsy\u201d repression. The \u201cvillage making\u201d of the Roma becomes thus a specific form of response in a context (Geneva and more generally Switzerland) where the occupation of urban and peri-urban territory through the \u201ccamps\u201d experienced in other European towns does not exist.&#8221;<\/p>\n<div class=\"abstractKeywords\">\n<div class=\"hlFld-KeywordText\"><strong><strong>&#8220;<\/strong><\/strong>La pr\u00e9sente contribution est le fruit de r\u00e9flexions issues d\u2019un programme de recherche portant sur les pratiques des migrants roms roumains pr\u00e9sents sur le territoire genevois depuis le d\u00e9but des ann\u00e9es 2000 et sur la r\u00e9ponse soci\u00e9tale \u00e0 cette migration. Ce programme s\u2019est d\u00e9roul\u00e9 en plusieurs \u00e9tapes. Tout d\u2019abord, en 2010-2011, une initiative de mise en lien des associations et des pouvoirs publics autour de la pr\u00e9sence des Roms migrants \u00e0 Gen\u00e8ve a vu le jour sous l\u2019\u00e9gide de la Haute \u00e9cole de Travail social de Gen\u00e8ve (HETS). Par la suite, en 2013, un projet de recherche a permis de rassembler des donn\u00e9es relatives aux repr\u00e9sentations que portent les Roms pr\u00e9sents \u00e0 Gen\u00e8ve sur leur migration et les politiques urbaines les concernant. Enfin, une deuxi\u00e8me recherche, port\u00e9e par CARITAS Gen\u00e8ve et la HETS, suit son cours depuis 2015 et s\u2019int\u00e9resse aux apports de la m\u00e9diation interculturelle \u00e0 l\u2019accompagnement de cette migration de Roms sur le territoire genevois.&#8221;<\/div>\n<\/div>\n<\/blockquote>\n<p>&nbsp;<\/p>\n","protected":false},"excerpt":{"rendered":"<p>Author(s) : Monica Battaglini, Iulia Hasdeu Source : http:\/\/dx.doi.org\/10.7340\/anuac2239-625X-2930 Abstract:<\/p>\n","protected":false},"author":4,"featured_media":0,"comment_status":"open","ping_status":"open","sticky":false,"template":"","format":"standard","meta":{"_kadence_starter_templates_imported_post":false,"_kad_post_transparent":"","_kad_post_title":"","_kad_post_layout":"","_kad_post_sidebar_id":"","_kad_post_content_style":"","_kad_post_vertical_padding":"","_kad_post_feature":"","_kad_post_feature_position":"","_kad_post_header":false,"_kad_post_footer":false,"_kad_post_classname":"","jetpack_post_was_ever_published":false,"_jetpack_newsletter_access":"","_jetpack_dont_email_post_to_subs":false,"_jetpack_newsletter_tier_id":0,"_jetpack_memberships_contains_paywalled_content":false,"_jetpack_memberships_contains_paid_content":false,"footnotes":""},"categories":[24],"tags":[48,7,37,106,173,82,121,52,341,104,623,150,530,91,245],"class_list":["post-3432","post","type-post","status-publish","format-standard","hentry","category-society-family-racism","tag-48","tag-article","tag-attitudes-towards-migrants","tag-border-controls","tag-cross-cultural-communication","tag-ethnic-discrimination","tag-ethnic-minorities","tag-french-language","tag-geneva","tag-living-conditions","tag-police","tag-precarious-employment","tag-roma-and-sinti","tag-social-integration","tag-temporary-migration"],"jetpack_featured_media_url":"","jetpack_sharing_enabled":true,"_links":{"self":[{"href":"https:\/\/swissmig.unine.ch\/index.php?rest_route=\/wp\/v2\/posts\/3432","targetHints":{"allow":["GET"]}}],"collection":[{"href":"https:\/\/swissmig.unine.ch\/index.php?rest_route=\/wp\/v2\/posts"}],"about":[{"href":"https:\/\/swissmig.unine.ch\/index.php?rest_route=\/wp\/v2\/types\/post"}],"author":[{"embeddable":true,"href":"https:\/\/swissmig.unine.ch\/index.php?rest_route=\/wp\/v2\/users\/4"}],"replies":[{"embeddable":true,"href":"https:\/\/swissmig.unine.ch\/index.php?rest_route=%2Fwp%2Fv2%2Fcomments&post=3432"}],"version-history":[{"count":0,"href":"https:\/\/swissmig.unine.ch\/index.php?rest_route=\/wp\/v2\/posts\/3432\/revisions"}],"wp:attachment":[{"href":"https:\/\/swissmig.unine.ch\/index.php?rest_route=%2Fwp%2Fv2%2Fmedia&parent=3432"}],"wp:term":[{"taxonomy":"category","embeddable":true,"href":"https:\/\/swissmig.unine.ch\/index.php?rest_route=%2Fwp%2Fv2%2Fcategories&post=3432"},{"taxonomy":"post_tag","embeddable":true,"href":"https:\/\/swissmig.unine.ch\/index.php?rest_route=%2Fwp%2Fv2%2Ftags&post=3432"}],"curies":[{"name":"wp","href":"https:\/\/api.w.org\/{rel}","templated":true}]}}