{"id":342,"date":"2017-08-25T15:44:51","date_gmt":"2017-08-25T14:44:51","guid":{"rendered":"https:\/\/swissmig.wordpress.com\/?p=342"},"modified":"2017-08-25T15:44:51","modified_gmt":"2017-08-25T14:44:51","slug":"de-lintegration-des-eleves-immigres-a-celle-des-eleves-musulmans-en-suisse","status":"publish","type":"post","link":"https:\/\/swissmig.unine.ch\/?p=342","title":{"rendered":"De l\u2019int\u00e9gration des \u00e9l\u00e8ves immigr\u00e9s \u00e0 celle des \u00e9l\u00e8ves musulmans en Suisse"},"content":{"rendered":"<h3>Author(s) : Genevi\u00e8ve Mottet<\/h3>\n<h3>Source : <a href=\"https:\/\/www.cairn.info\/revue-hommes-et-migrations-2017-1-page-89.htm\" target=\"_blank\" rel=\"noopener\">https:\/\/www.cairn.info\/revue-hommes-et-migrations-2017-1-page-89.htm<\/a><\/h3>\n<p><strong>Abstract: <\/strong><!--more--><\/p>\n<div class=\"panel-pane pane-content-field pane-field-abstract\">\n<div class=\"pane-content\">\n<div class=\"field field-type-text field-field-abstract\">\n<div class=\"field-items\">\n<div class=\"field-item odd\">\n<p>Si les faits divers m\u00e9diatiques cristallisent les passions de la soci\u00e9t\u00e9 civile, ils sont \u00e9galement, parfois, le vecteur de changements de politiques publiques. L\u2019analyse de deux \u00e9v\u00e9nements en milieu scolaire en Suisse, en 1999 et 2016, montre leur contribution \u00e0 la focalisation des d\u00e9bats autour de l\u2019int\u00e9gration des \u00e9l\u00e8ves immigr\u00e9s et de la place de l\u2019islam \u00e0 l\u2019\u00e9cole et, plus largement, dans la soci\u00e9t\u00e9 helv\u00e8te. Dans un contexte de tensions identitaires exacerb\u00e9es, l\u2019instrumentalisation des faits divers \u00e0 des fins politiques r\u00e9v\u00e8le des m\u00e9canismes de stigmatisation des musulmans pour les faire correspondre aux attentes de la soci\u00e9t\u00e9 dominante.<\/p>\n<\/div>\n<\/div>\n<\/div>\n<\/div>\n<\/div>\n<p>&nbsp;<\/p>\n<div><\/div>\n<p>&nbsp;<\/p>\n","protected":false},"excerpt":{"rendered":"<p>Author(s) : Genevi\u00e8ve Mottet Source : https:\/\/www.cairn.info\/revue-hommes-et-migrations-2017-1-page-89.htm Abstract:<\/p>\n","protected":false},"author":4,"featured_media":0,"comment_status":"open","ping_status":"open","sticky":false,"template":"","format":"standard","meta":{"_kadence_starter_templates_imported_post":false,"_kad_post_transparent":"","_kad_post_title":"","_kad_post_layout":"","_kad_post_sidebar_id":"","_kad_post_content_style":"","_kad_post_vertical_padding":"","_kad_post_feature":"","_kad_post_feature_position":"","_kad_post_header":false,"_kad_post_footer":false,"_kad_post_classname":"","jetpack_post_was_ever_published":false,"_jetpack_newsletter_access":"","_jetpack_dont_email_post_to_subs":false,"_jetpack_newsletter_tier_id":0,"_jetpack_memberships_contains_paywalled_content":false,"_jetpack_memberships_contains_paid_content":false,"footnotes":""},"categories":[61],"tags":[48,7,8,82,52,114,115,116,117,118],"class_list":["post-342","post","type-post","status-publish","format-standard","hentry","category-education","tag-48","tag-article","tag-case-study","tag-ethnic-discrimination","tag-french-language","tag-intercultural-education","tag-mass-media","tag-muslims","tag-school-integration","tag-youth"],"jetpack_featured_media_url":"","jetpack_sharing_enabled":true,"_links":{"self":[{"href":"https:\/\/swissmig.unine.ch\/index.php?rest_route=\/wp\/v2\/posts\/342","targetHints":{"allow":["GET"]}}],"collection":[{"href":"https:\/\/swissmig.unine.ch\/index.php?rest_route=\/wp\/v2\/posts"}],"about":[{"href":"https:\/\/swissmig.unine.ch\/index.php?rest_route=\/wp\/v2\/types\/post"}],"author":[{"embeddable":true,"href":"https:\/\/swissmig.unine.ch\/index.php?rest_route=\/wp\/v2\/users\/4"}],"replies":[{"embeddable":true,"href":"https:\/\/swissmig.unine.ch\/index.php?rest_route=%2Fwp%2Fv2%2Fcomments&post=342"}],"version-history":[{"count":0,"href":"https:\/\/swissmig.unine.ch\/index.php?rest_route=\/wp\/v2\/posts\/342\/revisions"}],"wp:attachment":[{"href":"https:\/\/swissmig.unine.ch\/index.php?rest_route=%2Fwp%2Fv2%2Fmedia&parent=342"}],"wp:term":[{"taxonomy":"category","embeddable":true,"href":"https:\/\/swissmig.unine.ch\/index.php?rest_route=%2Fwp%2Fv2%2Fcategories&post=342"},{"taxonomy":"post_tag","embeddable":true,"href":"https:\/\/swissmig.unine.ch\/index.php?rest_route=%2Fwp%2Fv2%2Ftags&post=342"}],"curies":[{"name":"wp","href":"https:\/\/api.w.org\/{rel}","templated":true}]}}